{"id":161584,"date":"2025-06-08T19:21:10","date_gmt":"2025-06-08T19:21:10","guid":{"rendered":"https:\/\/www.europesays.com\/fr\/161584\/"},"modified":"2025-06-08T19:21:10","modified_gmt":"2025-06-08T19:21:10","slug":"coco-gauff-une-etoile-scintillante","status":"publish","type":"post","link":"https:\/\/www.europesays.com\/fr\/161584\/","title":{"rendered":"Coco Gauff, une \u00e9toile scintillante"},"content":{"rendered":"<p>L\u2019Am\u00e9ricaine a d\u00e9croch\u00e9 son premier titre \u00e0 Paris. Celui dont elle r\u00eavait depuis ses plus jeunes ann\u00e9es.<\/p>\n<p class=\"fig-paragraph\">Un masque de fer, des jambes d\u2019airain et une d\u00e9fense d\u2019acier. Une panoplie \u00e9clair\u00e9e par un regard d\u00e9termin\u00e9 ne souffrant pas la moindre baisse d\u2019intensit\u00e9. Durant 2\u00a0h\u00a038,\u00a0<a href=\"http:\/\/www.lefigaro.fr\/sports\/tennis\/roland-garros\/roland-garros-premier-sacre-pour-coco-gauff-tombeuse-d-aryna-sabalenka-en-finale-20250607\" data-fig-type=\"NewsFlash\" data-gtm-custom-categorie=\"navigation\" data-gtm-custom-action=\"crossclick\" data-gtm-custom-label=\"Contextuel\" data-gtm-event=\"customEventSPE\" data-fig-domain=\"LEFIGARO\" target=\"_blank\" rel=\"noopener\">Coco Gauff<\/a>\u00a0a, en finale contre Aryna Sabalenka, la num\u00e9ro\u00a01 mondiale, r\u00e9sist\u00e9 \u00e0 la fureur d\u2019un d\u00e9part qui aurait pu l\u2019ensevelir (men\u00e9e 4-1 et 40-0) et aux caprices du vent, invit\u00e9 encombrant pr\u00eat \u00e0 s\u2019amuser avec les chapeaux d\u2019un court Philippe-Chatrier tir\u00e9 \u00e0 quatre \u00e9pingles. L\u2019Am\u00e9ricaine a tiss\u00e9 une toile patiente pour aller arracher 6-7 (5\/7), 6-2, 6-4 une deuxi\u00e8me couronne en Grand Chelem (apr\u00e8s l\u2019US Open 2023).<\/p>\n<p class=\"fig-paragraph\">Inspir\u00e9e par sa compatriote Gabby Thomas, l\u2019athl\u00e8te triple m\u00e9daill\u00e9e aux JO de Paris 2024 (200\u00a0m, 4\u00a0\u00d7\u00a0100\u00a0m, 4\u00a0\u00d7\u00a0200\u00a0m), Coco Gauff avait \u00e9crit sur une feuille\u00a0: \u00ab\u00a0Je vais gagner Roland-Garros, je vais \u00eatre la championne de Roland-Garros.\u00a0\u00bb La num\u00e9ro\u00a02 mondiale (21\u00a0ans) a touch\u00e9 son r\u00eave. \u00c0 Paris, sa ville pr\u00e9f\u00e9r\u00e9e. En 2018, \u00e0 14\u00a0ans, elle remportait\u00a0<a href=\"http:\/\/www.lefigaro.fr\/sports\/tennis\/roland-garros\/roland-garros-selon-amelie-mauresmo-la-fan-zone-de-la-concorde-a-attire-plus-de-25-000-spectateurs-20250608\" data-fig-type=\"NewsFlash\" data-gtm-custom-categorie=\"navigation\" data-gtm-custom-action=\"crossclick\" data-gtm-custom-label=\"Contextuel\" data-gtm-event=\"customEventSPE\" data-fig-domain=\"LEFIGARO\" target=\"_blank\" rel=\"noopener\">Roland-Garros<\/a>\u00a0chez les juniors. Un tournoi devenu\u2026<\/p>\n<p class=\"fig-premium-paywall__infos\">\n        Cet article est r\u00e9serv\u00e9 aux abonn\u00e9s.        Il vous reste 82% \u00e0 d\u00e9couvrir.\n    <\/p>\n<p>                <img  data- alt=\"Le Figaro\" class=\"fig-img--complete fig-img\"\/><\/p>\n<p class=\"fig-premium-paywall__title\">Vente Flash<\/p>\n<p class=\"fig-premium-paywall__subtitle\">3,99\u20ac par mois pendant 12 mois. Sans engagement.<\/p>\n<p class=\"fig-premium-paywall__connect\">\n                D\u00e9j\u00e0 abonn\u00e9\u00a0?                <a class=\"fig-premium-paywall__connect-link\" href=\"https:\/\/connect.lefigaro.fr\/login?client=horizon_web&amp;type=main&amp;redirect_uri=https%3A%2F%2Fwww.lefigaro.fr%2Fsports%2Ftennis%2Froland-garros%2Froland-garros-coco-gauff-une-etoile-scintillante-20250608\" data-js-gtm=\"{&quot;customCategorie&quot;: &quot;conversion&quot;, &quot;customAction&quot;: &quot;before_Landing_Connexion_paywall_auto&quot;, &quot;customLabel&quot;: &quot;bGVmaWdhcm8uZnJfXzFmMDQ0NzJiLTg5ZGUtNmYzNC1hMGQ0LWIzNDczODU2YzE0NV9fQXJ0aWNsZQ==_Roland-Garros: Coco Gauff, une \u00e9toile scintillante_410&quot;, &quot;customIDSPE&quot;: &quot;bGVmaWdhcm8uZnJfXzFmMDQ0NzJiLTg5ZGUtNmYzNC1hMGQ0LWIzNDczODU2YzE0NV9fQXJ0aWNsZQ==&quot;, &quot;event&quot;: &quot;customEventSPE&quot;}\" target=\"_blank\" rel=\"noopener\"><br \/>\n                    Connectez-vous<br \/>\n                <\/a>\n            <\/p>\n","protected":false},"excerpt":{"rendered":"L\u2019Am\u00e9ricaine a d\u00e9croch\u00e9 son premier titre \u00e0 Paris. Celui dont elle r\u00eavait depuis ses plus jeunes ann\u00e9es. Un&hellip;\n","protected":false},"author":2,"featured_media":161585,"comment_status":"","ping_status":"","sticky":false,"template":"","format":"standard","meta":{"footnotes":""},"categories":[1412],"tags":[4169,20863,105,1451,2199,1452,1453,1454,1455,1011,27,24473,1960,24472,4171,60,1467,4170],"class_list":{"0":"post-161584","1":"post","2":"type-post","3":"status-publish","4":"format-standard","5":"has-post-thumbnail","7":"category-f1","8":"tag-atp","9":"tag-coco-gauff","10":"tag-djokovic","11":"tag-f1","12":"tag-federer","13":"tag-formula-1","14":"tag-formula1","15":"tag-formule-1","16":"tag-formule1","17":"tag-fr","18":"tag-france","19":"tag-internationaux-de-france","20":"tag-nadal","21":"tag-rg","22":"tag-roland-garros","23":"tag-sports","24":"tag-tennis","25":"tag-wta"},"share_on_mastodon":{"url":"https:\/\/pubeurope.com\/@fr\/114649371998033638","error":""},"_links":{"self":[{"href":"https:\/\/www.europesays.com\/fr\/wp-json\/wp\/v2\/posts\/161584","targetHints":{"allow":["GET"]}}],"collection":[{"href":"https:\/\/www.europesays.com\/fr\/wp-json\/wp\/v2\/posts"}],"about":[{"href":"https:\/\/www.europesays.com\/fr\/wp-json\/wp\/v2\/types\/post"}],"author":[{"embeddable":true,"href":"https:\/\/www.europesays.com\/fr\/wp-json\/wp\/v2\/users\/2"}],"replies":[{"embeddable":true,"href":"https:\/\/www.europesays.com\/fr\/wp-json\/wp\/v2\/comments?post=161584"}],"version-history":[{"count":0,"href":"https:\/\/www.europesays.com\/fr\/wp-json\/wp\/v2\/posts\/161584\/revisions"}],"wp:featuredmedia":[{"embeddable":true,"href":"https:\/\/www.europesays.com\/fr\/wp-json\/wp\/v2\/media\/161585"}],"wp:attachment":[{"href":"https:\/\/www.europesays.com\/fr\/wp-json\/wp\/v2\/media?parent=161584"}],"wp:term":[{"taxonomy":"category","embeddable":true,"href":"https:\/\/www.europesays.com\/fr\/wp-json\/wp\/v2\/categories?post=161584"},{"taxonomy":"post_tag","embeddable":true,"href":"https:\/\/www.europesays.com\/fr\/wp-json\/wp\/v2\/tags?post=161584"}],"curies":[{"name":"wp","href":"https:\/\/api.w.org\/{rel}","templated":true}]}}