{"id":161595,"date":"2025-06-08T19:27:19","date_gmt":"2025-06-08T19:27:19","guid":{"rendered":"https:\/\/www.europesays.com\/fr\/161595\/"},"modified":"2025-06-08T19:27:19","modified_gmt":"2025-06-08T19:27:19","slug":"mathieu-ceschin-lamour-est-dans-le-pre-critique-pour-etre-alle-en-soiree-avec-son-fils-de-1-an-ezio-il-repond","status":"publish","type":"post","link":"https:\/\/www.europesays.com\/fr\/161595\/","title":{"rendered":"Mathieu Ceschin (L\u2019amour est dans le pr\u00e9) critiqu\u00e9 pour \u00eatre all\u00e9 en soir\u00e9e avec son fils de 1 an, Ezio, il r\u00e9pond"},"content":{"rendered":"<p>C\u2019\u00e9tait un samedi soir de f\u00eate pour Mathieu Ceschin et son fils. L\u2019ancien \u00e9leveur de taureaux, r\u00e9v\u00e9l\u00e9 dans la saison 15 de L\u2019amour est dans le pr\u00e9, a emmen\u00e9 son petit <a href=\"https:\/\/www.programme-tv.net\/news\/people\/379890-tout-ne-fait-que-commencer-mathieu-ceschin-l-amour-est-dans-le-pre-fait-une-sublime-declaration-a-son-fils-ezio-a-l-occasion-de-son-premier-anniversaire\/\" data-api-deeplink=\"teleloisirs:\/\/news\/379890\" target=\"_blank\" rel=\"noopener\">Ezio, tout juste \u00e2g\u00e9 d\u2019un an<\/a>, \u00e0 l\u2019anniversaire d\u2019un ami ce samedi 7 juin. Fier de partager ce moment de complicit\u00e9, le jeune papa a publi\u00e9 plusieurs stories sur Instagram, o\u00f9 on le voit profiter de la soir\u00e9e avec son fils avant que ce dernier ne s\u2019endorme paisiblement dans sa poussette, install\u00e9e au fond de la salle pour \u00eatre \u00e0 l\u2019\u00e9cart du bruit. Mais cette sc\u00e8ne n\u2019a pas plu \u00e0 tout le monde : certains internautes lui ont reproch\u00e9 d\u2019avoir laiss\u00e9 son enfant \u00ab\u00a0de c\u00f4t\u00e9\u00a0\u00bb. Face \u00e0 cette vague de critiques, Mathieu a d\u00e9cid\u00e9 de r\u00e9pondre, sans d\u00e9tour, dans une s\u00e9rie de stories publi\u00e9es ce dimanche 8 juin. L\u2019ancien agriculteur ne m\u00e2che pas ses mots !<\/p>\n<p>\u00ab\u00a0Moi, mes parents m\u2019ont toujours amen\u00e9 partout\u00a0\u00bb : Mathieu Ceschin (L\u2019amour est dans le pr\u00e9) r\u00e9pond aux critiques pour \u00eatre all\u00e9 en soir\u00e9e avec son fils de 1 an<\/p>\n<p>Hors de question pour Mathieu Ceschin de laisser des internautes critiquer l\u2019\u00e9ducation de son fils. Au lendemain de la soir\u00e9e d\u2019anniversaire o\u00f9 il a \u00e9t\u00e9 attaqu\u00e9 pour avoir emmen\u00e9 son fils d\u2019un an, le papa solo a pris la parole dans plusieurs stories Instagram publi\u00e9es ce dimanche 8 juin. Visiblement agac\u00e9, l\u2019ancien candidat de L\u2019amour est dans le pr\u00e9 a tenu \u00e0 mettre les choses au clair : \u00ab\u00a0Il y a pas mal de gens qui m\u2019ont dit : \u2018Oh l\u00e0 l\u00e0, Mathieu, qu\u2019est-ce qu\u2019il fait l\u00e0 cet enfant ? Il n\u2019a rien \u00e0 faire l\u00e0, c\u2019est une f\u00eate, c\u2019est un b\u00e9b\u00e9.\u2019 Je ne sais pas d\u2019o\u00f9 vous venez, mais moi, mes parents m\u2019ont toujours emmen\u00e9 partout.\u00a0\u00bb Si quelques messages lui ont fait grincer des dents, d\u2019autres lui ont au contraire apport\u00e9 leur soutien. \u00ab\u00a0J\u2019ai aussi re\u00e7u plein de messages de gens qui m\u2019ont dit : \u2018Mais en fait, on a oubli\u00e9 \u00e7a.\u2019 Aujourd\u2019hui, on a tendance \u00e0 foutre les gamins chez la nounou, alors qu\u2019ils devraient vibrer avec nous.\u00a0\u00bb Et de conclure, rassur\u00e9 : \u00ab\u00a0Moi, je l\u2019ai mis au fond de la salle, il \u00e9tait bien, il a dormi comme un loir. Je suis content, parce que plein de mamans m\u2019ont \u00e9crit pour me dire qu\u2019elles faisaient pareil.\u00a0\u00bb Une vague de soutien bienvenue pour le jeune papa, bien d\u00e9cid\u00e9 \u00e0 rester fid\u00e8le \u00e0 sa vision de la parentalit\u00e9.<\/p>\n<p>                        \u00ab\u00a0Un enfant c\u2019est fait pour \u00eatre avec ses parents\u00a0\u00bb : Mathieu Ceschin (L\u2019amour est dans le pr\u00e9) fustige ses d\u00e9tracteurs<\/p>\n<p>Mathieu Ceschin ne s\u2019est pas arr\u00eat\u00e9 l\u00e0. Toujours remont\u00e9 par les critiques, l\u2019ancien candidat de L\u2019amour est dans le pr\u00e9 a tenu \u00e0 dire le fond de sa pens\u00e9e sur les parents qui l\u2019ont jug\u00e9. \u00ab\u00a0Celles et ceux qui pr\u00e9f\u00e8rent laisser leurs enfants chez la nounou parce qu\u2019ils ont un souci de garde\u2026 Un enfant, c\u2019est fait pour \u00eatre avec ses parents, voil\u00e0\u00a0\u00bb, lance-t-il. Il pr\u00e9cise tout de m\u00eame ne pas \u00eatre ferm\u00e9 \u00e0 l\u2019id\u00e9e de d\u00e9l\u00e9guer. \u00ab\u00a0Une fois de temps en temps, je veux bien. Mais l\u00e0, mon fils s\u2019est \u00e9clat\u00e9 ! Il a \u00e9t\u00e9 dans les bras de plein de monde, il a fait la teuf jusqu\u2019\u00e0 23h30. Et ce matin, il s\u2019est r\u00e9veill\u00e9 \u00e0 11h30, donc il a bien dormi.\u00a0\u00bb Pour conclure, le jeune papa confie qu\u2019il a \u00e9t\u00e9 touch\u00e9 par les nombreux messages de soutien re\u00e7us de la part d\u2019autres parents. \u00ab\u00a0\u00c7a m\u2019a rassur\u00e9, parce que je commen\u00e7ais \u00e0 avoir mauvaise conscience.\u00a0\u00bb<\/p>\n<p>Article r\u00e9dig\u00e9 en collaboration avec 6M\u00e9dias. <\/p>\n","protected":false},"excerpt":{"rendered":"C\u2019\u00e9tait un samedi soir de f\u00eate pour Mathieu Ceschin et son fils. L\u2019ancien \u00e9leveur de taureaux, r\u00e9v\u00e9l\u00e9 dans&hellip;\n","protected":false},"author":2,"featured_media":161596,"comment_status":"","ping_status":"","sticky":false,"template":"","format":"standard","meta":{"footnotes":""},"categories":[1356],"tags":[244,58,59,1011,27,7988,7987,12486,252,1364],"class_list":{"0":"post-161595","1":"post","2":"type-post","3":"status-publish","4":"format-standard","5":"has-post-thumbnail","7":"category-television","8":"tag-commentaire","9":"tag-divertissement","10":"tag-entertainment","11":"tag-fr","12":"tag-france","13":"tag-lamour-est-dans-le-pru00e9","14":"tag-mathieu-lamour-est-dans-le-pru00e9-15","15":"tag-paternitu00e9","16":"tag-television","17":"tag-tv"},"share_on_mastodon":{"url":"https:\/\/pubeurope.com\/@fr\/114649395716980148","error":""},"_links":{"self":[{"href":"https:\/\/www.europesays.com\/fr\/wp-json\/wp\/v2\/posts\/161595","targetHints":{"allow":["GET"]}}],"collection":[{"href":"https:\/\/www.europesays.com\/fr\/wp-json\/wp\/v2\/posts"}],"about":[{"href":"https:\/\/www.europesays.com\/fr\/wp-json\/wp\/v2\/types\/post"}],"author":[{"embeddable":true,"href":"https:\/\/www.europesays.com\/fr\/wp-json\/wp\/v2\/users\/2"}],"replies":[{"embeddable":true,"href":"https:\/\/www.europesays.com\/fr\/wp-json\/wp\/v2\/comments?post=161595"}],"version-history":[{"count":0,"href":"https:\/\/www.europesays.com\/fr\/wp-json\/wp\/v2\/posts\/161595\/revisions"}],"wp:featuredmedia":[{"embeddable":true,"href":"https:\/\/www.europesays.com\/fr\/wp-json\/wp\/v2\/media\/161596"}],"wp:attachment":[{"href":"https:\/\/www.europesays.com\/fr\/wp-json\/wp\/v2\/media?parent=161595"}],"wp:term":[{"taxonomy":"category","embeddable":true,"href":"https:\/\/www.europesays.com\/fr\/wp-json\/wp\/v2\/categories?post=161595"},{"taxonomy":"post_tag","embeddable":true,"href":"https:\/\/www.europesays.com\/fr\/wp-json\/wp\/v2\/tags?post=161595"}],"curies":[{"name":"wp","href":"https:\/\/api.w.org\/{rel}","templated":true}]}}