{"id":161607,"date":"2025-06-08T19:33:08","date_gmt":"2025-06-08T19:33:08","guid":{"rendered":"https:\/\/www.europesays.com\/fr\/161607\/"},"modified":"2025-06-08T19:33:08","modified_gmt":"2025-06-08T19:33:08","slug":"call-of-duty-black-ops-7-est-reel-premiere-bande-annonce-devoilee-call-of-duty-black-ops-7","status":"publish","type":"post","link":"https:\/\/www.europesays.com\/fr\/161607\/","title":{"rendered":"Call of Duty: Black Ops 7 est r\u00e9el, premi\u00e8re bande-annonce d\u00e9voil\u00e9e &#8211; Call of Duty: Black Ops 7"},"content":{"rendered":"<p>                                                                                Pour la deuxi\u00e8me fois de suite, Activision r\u00e9alise \u00e0 back-to-back. Apr\u00e8s Modern Warfare 2 et Modern Warfare 3 qui sont sortis \u00e0 la suite, <strong>c&rsquo;est Black Ops 6 et Black Ops 7 qui se suivent.<\/strong> L&rsquo;annonce a \u00e9t\u00e9 faite avec une tr\u00e8s longue et belle vid\u00e9o.Call of Duty: Black Ops 7 est officiel<br \/>\n<img decoding=\"async\" data-action=\"zoom\" class=\"lazy\" src=\"\/static\/images\/medias\/upload\/Corentin\/CoD\/Black%20Ops%207\/black-ops7-1.jpg\" alt=\"black-ops7-1\"\/><br \/>Les rumeurs se sont, encore une fois, confirm\u00e9e pour Call of Duty, <strong>puisque les joueurs d\u00e9couvriront bel et bien Black Ops 7 \u00e0 la fin de l&rsquo;ann\u00e9e<\/strong>. L&rsquo;annonce a \u00e9t\u00e9 faite avec une belle bande-annonce d&rsquo;action, qui a intrigu\u00e9 certains joueurs avant que le public ne d\u00e9couvre de quoi il s&rsquo;agissait.<\/p>\n<p>Les bonnes nouvelles sont nombreuses, et la premi\u00e8re est que <strong>le titre arrivera aussi sur l&rsquo;ancienne g\u00e9n\u00e9ration de console, la Xbox One et la PS4<\/strong>.<\/p>\n<p>Une campagne jouable en coop\u00e9ration<br \/>\nL&rsquo;autre bonne nouvelle est que la campagne sera jouable en coop\u00e9ration, ce qui est parfait pour profiter au mieux de l&rsquo;histoire. En parlant d&rsquo;elle, celle-ci nous plongera en 2035, dans un mode \u00ab\u00a0au bord du chaos, ravag\u00e9 par les conflits et la guerre psychologique suite aux \u00e9v\u00e9nements narratifs de Black Ops 2 et Black Ops 6 \u00bb.<\/p>\n<p>Les joueurs auront acc\u00e8s \u00e0 une technologie de pointe, avec un retour de taille, celui de\u00a0<strong>David Mason<\/strong>, qui doit se d\u00e9fendre\u00a0contre un ennemi manipulateur qui utilise la peur comme arme principale.<\/p>\n<p><img decoding=\"async\" data-action=\"zoom\" class=\"lazy\" src=\"\/static\/images\/medias\/upload\/Corentin\/CoD\/Black%20Ops%207\/black-ops7-2.jpg\" alt=\"black-ops7-2\"\/><br \/>Un mode multijoueur sera \u00e9videmment de la partie, tout comme un monde Zombies.<\/p>\n<p>Une sortie dans le Game Pass<br \/>\nMalheureusement, nous n&rsquo;avons pas de date de sortie, <strong>mais\u00a0<a rel=\"noopener nofollow\" target=\"_blank\" href=\"https:\/\/gamewave.fr\/call-of-duty-black-ops-7\/\">Call of Duty: Black Ops 7<\/a> devrait arriver en octobre ou novembre sur PC, PS5, Xbox One, Series, mais aussi dans le Game Pass<\/strong>, la derni\u00e8re grosse surprise de l&rsquo;annonce. Les d\u00e9veloppeurs en d\u00e9voileront davantage cet \u00e9t\u00e9. Vous pouvez en attendant consulter la bande-annonce ci-dessous.<\/p>\n","protected":false},"excerpt":{"rendered":"Pour la deuxi\u00e8me fois de suite, Activision r\u00e9alise \u00e0 back-to-back. Apr\u00e8s Modern Warfare 2 et Modern Warfare 3&hellip;\n","protected":false},"author":2,"featured_media":161608,"comment_status":"","ping_status":"","sticky":false,"template":"","format":"standard","meta":{"footnotes":""},"categories":[7],"tags":[1011,27,43,40,41,39,42,44],"class_list":{"0":"post-161607","1":"post","2":"type-post","3":"status-publish","4":"format-standard","5":"has-post-thumbnail","7":"category-sciences-et-technologies","8":"tag-fr","9":"tag-france","10":"tag-science","11":"tag-science-and-technology","12":"tag-sciences","13":"tag-sciences-et-technologies","14":"tag-technologies","15":"tag-technology"},"share_on_mastodon":{"url":"https:\/\/pubeurope.com\/@fr\/114649419412233757","error":""},"_links":{"self":[{"href":"https:\/\/www.europesays.com\/fr\/wp-json\/wp\/v2\/posts\/161607","targetHints":{"allow":["GET"]}}],"collection":[{"href":"https:\/\/www.europesays.com\/fr\/wp-json\/wp\/v2\/posts"}],"about":[{"href":"https:\/\/www.europesays.com\/fr\/wp-json\/wp\/v2\/types\/post"}],"author":[{"embeddable":true,"href":"https:\/\/www.europesays.com\/fr\/wp-json\/wp\/v2\/users\/2"}],"replies":[{"embeddable":true,"href":"https:\/\/www.europesays.com\/fr\/wp-json\/wp\/v2\/comments?post=161607"}],"version-history":[{"count":0,"href":"https:\/\/www.europesays.com\/fr\/wp-json\/wp\/v2\/posts\/161607\/revisions"}],"wp:featuredmedia":[{"embeddable":true,"href":"https:\/\/www.europesays.com\/fr\/wp-json\/wp\/v2\/media\/161608"}],"wp:attachment":[{"href":"https:\/\/www.europesays.com\/fr\/wp-json\/wp\/v2\/media?parent=161607"}],"wp:term":[{"taxonomy":"category","embeddable":true,"href":"https:\/\/www.europesays.com\/fr\/wp-json\/wp\/v2\/categories?post=161607"},{"taxonomy":"post_tag","embeddable":true,"href":"https:\/\/www.europesays.com\/fr\/wp-json\/wp\/v2\/tags?post=161607"}],"curies":[{"name":"wp","href":"https:\/\/api.w.org\/{rel}","templated":true}]}}