{"id":161611,"date":"2025-06-08T19:35:09","date_gmt":"2025-06-08T19:35:09","guid":{"rendered":"https:\/\/www.europesays.com\/fr\/161611\/"},"modified":"2025-06-08T19:35:09","modified_gmt":"2025-06-08T19:35:09","slug":"le-groupe-paramilitaire-russe-wagner-quitte-le-mali-remplace-par-africa-corps","status":"publish","type":"post","link":"https:\/\/www.europesays.com\/fr\/161611\/","title":{"rendered":"Le groupe paramilitaire russe Wagner quitte le Mali, remplac\u00e9 par Africa Corps"},"content":{"rendered":"<p>Le groupe paramilitaire russe Wagner quitte le Mali, o\u00f9 il \u00e9tait pr\u00e9sent depuis 2021, et ses contingents seront r\u00e9int\u00e9gr\u00e9s au sein de son successeur, l&rsquo;Africa Corps, une autre organisation sous le contr\u00f4le du minist\u00e8re de la D\u00e9fense russe, ont confirm\u00e9 des sources diplomatiques et s\u00e9curitaires \u00e0 l&rsquo;AFP dimanche.<\/p>\n<p>Depuis deux coups d\u2019\u00c9tat en 2020 et 2021 qui ont port\u00e9 au pouvoir la junte dirig\u00e9e par le g\u00e9n\u00e9ral Assimi Go\u00efta, le Mali a rompu l&rsquo;alliance avec l&rsquo;ancien colon fran\u00e7ais pour se tourner militairement et politiquement vers la Russie, notamment en faisant appel aux services de Wagner.<\/p>\n<p>\u00ab\u00a0Officiellement, Wagner arr\u00eate sa pr\u00e9sence au Mali. Mais Africa Corps prend le relais\u00a0\u00bb, a indiqu\u00e9 \u00e0 l&rsquo;AFP dimanche une source diplomatique au Sahel.<\/p>\n<p>Un message publi\u00e9 vendredi sur une cha\u00eene Telegram affili\u00e9e au groupe\u00a0se f\u00e9licitait: \u00ab\u00a0Mission accomplie. La PMC +Wagner+ rentre \u00e0 la maison\u00a0\u00bb.<\/p>\n<p>&#8211; Le Kremlin \u00ab\u00a0ma\u00eetre du jeu\u00a0\u00bb &#8211;<\/p>\n<p>\u00ab\u00a0Le Kremlin reste ma\u00eetre du jeu\u00a0\u00bb, poursuit la m\u00eame source diplomatique: \u00ab\u00a0L&rsquo;essentiel du personnel de Wagner au Mali et originaire de Russie sera r\u00e9int\u00e9gr\u00e9 au sein de Africa Corps et maintenu dans les chefs-lieux de r\u00e9gion du Nord et \u00e0 Bamako.\u00a0\u00bb<\/p>\n<p>Depuis trois ans et demi, le Mali a fait appel au groupe Wagner pour l&rsquo;aider dans sa lutte contre les groupes jihadistes qui ont fait des milliers de morts sur son territoire.<\/p>\n<p>Le Mali n&rsquo;a jamais reconnu formellement la pr\u00e9sence des mercenaires de Wagner, mais affirmait faire appel \u00e0 des instructeurs russes.<\/p>\n<p>Wagner offre un catalogue de services aux r\u00e9gimes en difficult\u00e9. Au Mali, il menait des op\u00e9rations sur le terrain, prot\u00e9geait le pouvoir en place, proposait des formations militaires, voire des conseils juridiques pour r\u00e9\u00e9crire le code minier ou la Constitution.<\/p>\n<p>Les 2.400 militaires fran\u00e7ais d\u00e9ploy\u00e9s au Mali pour lutter contre le jihadisme se sont retir\u00e9s du pays en 2022, en raison d&rsquo;une d\u00e9gradation des relations avec la junte et face \u00e0 une hostilit\u00e9 grandissante de l&rsquo;opinion publique malienne.<\/p>\n<p>Wagner, le plus c\u00e9l\u00e8bre groupe de mercenaires russes, a \u00e9t\u00e9 d\u00e9mantel\u00e9 et r\u00e9organis\u00e9 \u00e0 la suite de la mort de son chef Evgu\u00e9ni Prigojine en ao\u00fbt 2023, dans un myst\u00e9rieux accident d&rsquo;avion survenu peu apr\u00e8s sa tentative de r\u00e9bellion arm\u00e9e contre Moscou. La plupart des op\u00e9rations s\u00e9curitaires en Afrique sont d\u00e9sormais coordonn\u00e9es par l&rsquo;Africa Corps, sous le contr\u00f4le du minist\u00e8re de la D\u00e9fense russe.<\/p>\n<p>&#8211; \u00ab\u00a0Pas de changement\u00a0\u00bb &#8211;<\/p>\n<p>\u00ab\u00a0Wagner hier ou Africa Corps aujourd&rsquo;hui, notre interlocuteur reste le m\u00eame,\u00a0c&rsquo;est le pouvoir central en Russie, c&rsquo;est-\u00e0-dire le Kremlin\u00a0\u00bb, a r\u00e9agi une source s\u00e9curitaire malienne dimanche.<\/p>\n<p>Une source militaire malienne confirme que \u00ab\u00a0Wagner ou pas, (&#8230;) la Russie reste notre partenaire strat\u00e9gique en mati\u00e8re de coop\u00e9ration militaire\u00a0\u00bb.<\/p>\n<p>Concr\u00e8tement, \u00ab\u00a0il n&rsquo;y aura pas de changement avec le d\u00e9part de la PMC\u00a0\u00bb (Wagner), assure une cha\u00eene Telegram li\u00e9e \u00e0 l&rsquo;Africa Corps.<\/p>\n<p>Les m\u00e9thodes brutales du groupe paramilitaire sur le terrain au Mali ont \u00e9t\u00e9 r\u00e9guli\u00e8rement d\u00e9nonc\u00e9es par des ONG de d\u00e9fense des droits humains.<\/p>\n<p>L&rsquo;ONU avait accus\u00e9 dans un rapport l&rsquo;arm\u00e9e malienne et des combattants \u00ab\u00a0\u00e9trangers\u00a0\u00bb d&rsquo;avoir ex\u00e9cut\u00e9 en mars 2022 au moins 500 personnes lors d&rsquo;une op\u00e9ration antijihadiste \u00e0 Moura, dans le centre du pays, ce qu&rsquo;a r\u00e9fut\u00e9 la junte malienne.<\/p>\n<p>Selon les Occidentaux, ces combattants \u00e9trangers sont des membres de Wagner.<\/p>\n<p>En avril dernier, des corps ont \u00e9t\u00e9 d\u00e9couverts aux abords d&rsquo;un camp militaire malien, quelques jours apr\u00e8s l&rsquo;arrestation par l&rsquo;arm\u00e9e et des paramilitaires de Wagner de dizaines de civils appartenant pour la plupart \u00e0 la communaut\u00e9 peule.<\/p>\n<p>&#8211; \u00ab\u00a0Recrudescence\u00a0\u00bb des attaques &#8211;<\/p>\n<p>Cette annonce du d\u00e9part de Wagner intervient dans un contexte de \u00ab\u00a0recrudescence\u00a0\u00bb des attaques jihadistes, selon l&rsquo;\u00e9tat-major malien.<\/p>\n<p>L&rsquo;arm\u00e9e a d\u00fb se retirer d&rsquo;un de ses principaux camps militaires dans le centre du pays, apr\u00e8s deux attaques attribu\u00e9es \u00e0 des jihadistes ayant co\u00fbt\u00e9 la vie \u00e0 des dizaines de soldats en quelques jours.<\/p>\n<p>Un source diplomatique europ\u00e9enne au Sahel estime que Africa Corps va \u00ab\u00a0probablement faire plus de formation de l&rsquo;arm\u00e9e malienne. En tout cas beaucoup plus de formation des soldats maliens que n&rsquo;en faisait Wagner\u00a0\u00bb.<\/p>\n<p>\u00ab\u00a0Bien que Wagner affirme que ses op\u00e9rations et son soutien ont renforc\u00e9 l&rsquo;arm\u00e9e malienne, l&rsquo;Africa Corps devra continuer \u00e0 dispenser des formations et \u00e0 apporter son soutien, surtout apr\u00e8s la r\u00e9cente vague d&rsquo;attaques contre les FAMA (Forces arm\u00e9es maliennes)\u00a0\u00bb, analyse Beverly Ochieng, du Centre d&rsquo;\u00e9tudes strat\u00e9giques et internationales (CSIS).<\/p>\n<p>En ao\u00fbt 2024, l&rsquo;arm\u00e9e malienne et Wagner avaient essuy\u00e9 une importante d\u00e9faite dans la localit\u00e9 de Tinzaouat\u00e8ne (nord), \u00e0 la fronti\u00e8re alg\u00e9rienne. Des s\u00e9paratistes et des jihadistes avaient affirm\u00e9 avoir tu\u00e9 des dizaines de paramilitaires russes et de soldats maliens lors de combats.<\/p>\n<p>L&rsquo;arm\u00e9e et Wagner avaient reconnu des pertes importantes, sans donner de bilan pr\u00e9cis.<\/p>\n<p>sd-els\/mba<\/p>\n","protected":false},"excerpt":{"rendered":"Le groupe paramilitaire russe Wagner quitte le Mali, o\u00f9 il \u00e9tait pr\u00e9sent depuis 2021, et ses contingents seront&hellip;\n","protected":false},"author":2,"featured_media":161612,"comment_status":"","ping_status":"","sticky":false,"template":"","format":"standard","meta":{"footnotes":""},"categories":[5],"tags":[11,29399,1011,27,2705,29400,14,2490,29401,1136,1876,12,28],"class_list":{"0":"post-161611","1":"post","2":"type-post","3":"status-publish","4":"format-standard","5":"has-post-thumbnail","7":"category-international","8":"tag-actualites","9":"tag-africa-corps","10":"tag-fr","11":"tag-france","12":"tag-groupe","13":"tag-groupe-paramilitaire","14":"tag-international","15":"tag-le-mali","16":"tag-maitre-du-jeu","17":"tag-mali","18":"tag-ministere-de-la-defense","19":"tag-news","20":"tag-world"},"share_on_mastodon":{"url":"https:\/\/pubeurope.com\/@fr\/114649427206144679","error":""},"_links":{"self":[{"href":"https:\/\/www.europesays.com\/fr\/wp-json\/wp\/v2\/posts\/161611","targetHints":{"allow":["GET"]}}],"collection":[{"href":"https:\/\/www.europesays.com\/fr\/wp-json\/wp\/v2\/posts"}],"about":[{"href":"https:\/\/www.europesays.com\/fr\/wp-json\/wp\/v2\/types\/post"}],"author":[{"embeddable":true,"href":"https:\/\/www.europesays.com\/fr\/wp-json\/wp\/v2\/users\/2"}],"replies":[{"embeddable":true,"href":"https:\/\/www.europesays.com\/fr\/wp-json\/wp\/v2\/comments?post=161611"}],"version-history":[{"count":0,"href":"https:\/\/www.europesays.com\/fr\/wp-json\/wp\/v2\/posts\/161611\/revisions"}],"wp:featuredmedia":[{"embeddable":true,"href":"https:\/\/www.europesays.com\/fr\/wp-json\/wp\/v2\/media\/161612"}],"wp:attachment":[{"href":"https:\/\/www.europesays.com\/fr\/wp-json\/wp\/v2\/media?parent=161611"}],"wp:term":[{"taxonomy":"category","embeddable":true,"href":"https:\/\/www.europesays.com\/fr\/wp-json\/wp\/v2\/categories?post=161611"},{"taxonomy":"post_tag","embeddable":true,"href":"https:\/\/www.europesays.com\/fr\/wp-json\/wp\/v2\/tags?post=161611"}],"curies":[{"name":"wp","href":"https:\/\/api.w.org\/{rel}","templated":true}]}}