{"id":161613,"date":"2025-06-08T19:36:19","date_gmt":"2025-06-08T19:36:19","guid":{"rendered":"https:\/\/www.europesays.com\/fr\/161613\/"},"modified":"2025-06-08T19:36:19","modified_gmt":"2025-06-08T19:36:19","slug":"un-an-apres-la-dissolution-macron-droit-dans-ses-bottes","status":"publish","type":"post","link":"https:\/\/www.europesays.com\/fr\/161613\/","title":{"rendered":"un an apr\u00e8s la dissolution, Macron droit dans ses bottes"},"content":{"rendered":"<p><strong>R\u00c9CIT<\/strong> &#8211; S\u2019il a esquiss\u00e9 publiquement un semblant de mea culpa, le chef de l\u2019\u00c9tat n\u2019a en r\u00e9alit\u00e9 jamais reni\u00e9 sa d\u00e9cision du 9\u00a0juin 2024. Incomprise par la quasi-totalit\u00e9 de son camp, celle-ci a pourtant plong\u00e9 la France dans l\u2019instabilit\u00e9 et priv\u00e9 le pr\u00e9sident de l\u2019essentiel du pouvoir.<\/p>\n<p class=\"fig-paragraph\">L\u2019avantage de l\u2019oc\u00e9an, c\u2019est que l\u2019horizon est si lointain que l\u2019on ne ressent aucune limite. Pas d\u2019obstacle, pas de contrainte, et cette impression d\u2019immense libert\u00e9 que racontent les grands navigateurs. \u00c0 l\u2019ouverture de la\u00a0<a href=\"http:\/\/www.lefigaro.fr\/nice\/sommet-de-l-onu-sur-l-ocean-comment-nice-se-plie-en-quatre-pour-accueillir-le-monde-entier-20250608\" target=\"_blank\" data-fig-type=\"NewsFlash\" rel=\"noopener\" data-gtm-custom-categorie=\"navigation\" data-gtm-custom-action=\"crossclick\" data-gtm-custom-label=\"Contextuel\" data-gtm-event=\"customEventSPE\" data-fig-domain=\"LEFIGARO\">troisi\u00e8me conf\u00e9rence de l\u2019ONU<\/a>\u00a0sur la gouvernance des oc\u00e9ans (Unoc\u00a03), qu\u2019il accueille ce lundi \u00e0 Nice, Emmanuel Macron se souviendra-t-il du monde d\u2019avant la\u00a0<a href=\"http:\/\/www.lefigaro.fr\/politique\/j-en-veux-toujours-a-emmanuel-macron-un-an-apres-la-dissolution-l-amertume-des-deputes-battus-20250608\" target=\"_blank\" data-fig-type=\"Article\" rel=\"noopener\" data-gtm-custom-categorie=\"navigation\" data-gtm-custom-action=\"crossclick\" data-gtm-custom-label=\"Contextuel\" data-gtm-event=\"customEventSPE\" data-fig-domain=\"LEFIGARO\">dissolution<\/a>, qu\u2019il a d\u00e9cid\u00e9e il y a un an jour pour jour\u00a0? De l\u2019\u00e9poque o\u00f9 il disposait d\u2019une majorit\u00e9 (absolue en 2017, relative en 2022), choisissait ses ministres, fixait l\u2019agenda des r\u00e9formes\u00a0? De cette libert\u00e9 de se mouvoir dans un paysage politique dont il \u00e9tait le centre\u00a0?<\/p>\n<p class=\"fig-paragraph\">Depuis ce soir du 9\u00a0juin 2024 o\u00f9 il a annonc\u00e9 sa d\u00e9cision dans une allocution t\u00e9l\u00e9vis\u00e9e prononc\u00e9e dans la foul\u00e9e d\u2019une claque re\u00e7ue par son camp aux \u00e9lections europ\u00e9ennes, le pr\u00e9sident est essentiellement cantonn\u00e9 au domaine international. Cette grande conf\u00e9rence sur le sol fran\u00e7ais est donc l\u2019occasion pour l\u2019\u00c9lys\u00e9e de vanter\u2026<\/p>\n<p class=\"fig-premium-paywall__infos\">\n        Cet article est r\u00e9serv\u00e9 aux abonn\u00e9s.        Il vous reste 90% \u00e0 d\u00e9couvrir.\n    <\/p>\n<p>                <img  data- alt=\"Le Figaro\" class=\"fig-img--complete fig-img\"\/><\/p>\n<p class=\"fig-premium-paywall__title\">Vente Flash<\/p>\n<p class=\"fig-premium-paywall__subtitle\">3,99\u20ac par mois pendant 12 mois. Sans engagement.<\/p>\n<p class=\"fig-premium-paywall__connect\">\n                D\u00e9j\u00e0 abonn\u00e9\u00a0?                <a class=\"fig-premium-paywall__connect-link\" href=\"https:\/\/connect.lefigaro.fr\/login?client=horizon_web&amp;type=main&amp;redirect_uri=https%3A%2F%2Fwww.lefigaro.fr%2Fpolitique%2Fil-continue-a-penser-que-c-etait-ineluctable-un-an-apres-la-dissolution-macron-droit-dans-ses-bottes-20250608\" data-js-gtm=\"{&quot;customCategorie&quot;: &quot;conversion&quot;, &quot;customAction&quot;: &quot;before_Landing_Connexion_paywall_auto&quot;, &quot;customLabel&quot;: &quot;bGVmaWdhcm8uZnJfXzFmMDQyZDRlLTdlNTItNmM1Yy1hZDg4LWJmMTUyNmQwZGUxOV9fQXJ0aWNsZQ==_\u00abIl continue \u00e0 penser que c\u2019\u00e9tait in\u00e9luctable\u00bb\u00a0: un an apr\u00e8s la dissolution, Macron droit dans ses bottes_323&quot;, &quot;customIDSPE&quot;: &quot;bGVmaWdhcm8uZnJfXzFmMDQyZDRlLTdlNTItNmM1Yy1hZDg4LWJmMTUyNmQwZGUxOV9fQXJ0aWNsZQ==&quot;, &quot;event&quot;: &quot;customEventSPE&quot;}\" target=\"_blank\" rel=\"noopener\"><br \/>\n                    Connectez-vous<br \/>\n                <\/a>\n            <\/p>\n","protected":false},"excerpt":{"rendered":"R\u00c9CIT &#8211; S\u2019il a esquiss\u00e9 publiquement un semblant de mea culpa, le chef de l\u2019\u00c9tat n\u2019a en r\u00e9alit\u00e9&hellip;\n","protected":false},"author":2,"featured_media":161614,"comment_status":"","ping_status":"","sticky":false,"template":"","format":"standard","meta":{"footnotes":""},"categories":[4],"tags":[11,416,426,427,422,423,1073,1011,27,418,424,425,420,421,12,419,316,429,25,428],"class_list":{"0":"post-161613","1":"post","2":"type-post","3":"status-publish","4":"format-standard","5":"has-post-thumbnail","7":"category-france","8":"tag-actualites","9":"tag-assemblee-nationale","10":"tag-candidat","11":"tag-candidats","12":"tag-depute","13":"tag-deputes","14":"tag-emmanuel-macron","15":"tag-fr","16":"tag-france","17":"tag-gouvernement","18":"tag-institution","19":"tag-institutions","20":"tag-loi","21":"tag-lois","22":"tag-news","23":"tag-opposition","24":"tag-politique","25":"tag-ps","26":"tag-republique-francaise","27":"tag-ump"},"share_on_mastodon":{"url":"https:\/\/pubeurope.com\/@fr\/114649431110528653","error":""},"_links":{"self":[{"href":"https:\/\/www.europesays.com\/fr\/wp-json\/wp\/v2\/posts\/161613","targetHints":{"allow":["GET"]}}],"collection":[{"href":"https:\/\/www.europesays.com\/fr\/wp-json\/wp\/v2\/posts"}],"about":[{"href":"https:\/\/www.europesays.com\/fr\/wp-json\/wp\/v2\/types\/post"}],"author":[{"embeddable":true,"href":"https:\/\/www.europesays.com\/fr\/wp-json\/wp\/v2\/users\/2"}],"replies":[{"embeddable":true,"href":"https:\/\/www.europesays.com\/fr\/wp-json\/wp\/v2\/comments?post=161613"}],"version-history":[{"count":0,"href":"https:\/\/www.europesays.com\/fr\/wp-json\/wp\/v2\/posts\/161613\/revisions"}],"wp:featuredmedia":[{"embeddable":true,"href":"https:\/\/www.europesays.com\/fr\/wp-json\/wp\/v2\/media\/161614"}],"wp:attachment":[{"href":"https:\/\/www.europesays.com\/fr\/wp-json\/wp\/v2\/media?parent=161613"}],"wp:term":[{"taxonomy":"category","embeddable":true,"href":"https:\/\/www.europesays.com\/fr\/wp-json\/wp\/v2\/categories?post=161613"},{"taxonomy":"post_tag","embeddable":true,"href":"https:\/\/www.europesays.com\/fr\/wp-json\/wp\/v2\/tags?post=161613"}],"curies":[{"name":"wp","href":"https:\/\/api.w.org\/{rel}","templated":true}]}}