{"id":161615,"date":"2025-06-08T19:37:11","date_gmt":"2025-06-08T19:37:11","guid":{"rendered":"https:\/\/www.europesays.com\/fr\/161615\/"},"modified":"2025-06-08T19:37:11","modified_gmt":"2025-06-08T19:37:11","slug":"mercato-psg-la-prolongation-de-donnarumma-au-point-mort-paris-continue-davancer-sur-lucas-chevalier","status":"publish","type":"post","link":"https:\/\/www.europesays.com\/fr\/161615\/","title":{"rendered":"Mercato PSG\u00a0: la prolongation de Donnarumma au point mort, Paris continue d\u2019avancer sur Lucas Chevalier"},"content":{"rendered":"<p class=\"paragraph text_align_left\">Plusieurs dossiers sont sur la table des dirigeants parisiens, avec en haut de la pile celui de Lucas Chevalier. Propuls\u00e9 num\u00e9ro 2 en \u00e9quipe de France, derri\u00e8re Mike Maignan, le Lillois de 23 ans pla\u00eet beaucoup \u00e0 la direction du PSG qui en fait une priorit\u00e9 de recrutement. L\u2019int\u00e9r\u00eat du club parisien ne remonte pas \u00e0 hier. <a href=\"https:\/\/www.leparisien.fr\/sports\/football\/psg\/mercato-le-psg-se-lance-sur-la-piste-lucas-chevalier-la-prolongation-de-donnarumma-en-suspens-31-01-2025-BLSFKT37SJFFZDMJOZ5KOV2BAM.php\" target=\"_self\" rel=\"nofollow noopener\">Nous en parlions dans nos pages le 31 janvier dernier.<\/a> Mais il y a des obstacles &#8211; et non des moindres &#8211; \u00e0 passer avant de rendre l\u2019affaire possible. En dehors du fait que le Fran\u00e7ais ne viendra pas jouer la concurrence avec \u00ab Gigio \u00bb et qu\u2019il faut donc, dans un premier temps, qu\u2019un d\u00e9part ait lieu, les demandes du Losc, a priori \u00e9lev\u00e9es, pourraient faire que les \u00e9changes tra\u00eenent.<\/p>\n","protected":false},"excerpt":{"rendered":"Plusieurs dossiers sont sur la table des dirigeants parisiens, avec en haut de la pile celui de Lucas&hellip;\n","protected":false},"author":2,"featured_media":161616,"comment_status":"","ping_status":"","sticky":false,"template":"","format":"standard","meta":{"footnotes":""},"categories":[2],"tags":[11,63,1011,27,12,93,60],"class_list":{"0":"post-161615","1":"post","2":"type-post","3":"status-publish","4":"format-standard","5":"has-post-thumbnail","7":"category-actualites","8":"tag-actualites","9":"tag-football","10":"tag-fr","11":"tag-france","12":"tag-news","13":"tag-psg","14":"tag-sports"},"share_on_mastodon":{"url":"https:\/\/pubeurope.com\/@fr\/114649435008361889","error":""},"_links":{"self":[{"href":"https:\/\/www.europesays.com\/fr\/wp-json\/wp\/v2\/posts\/161615","targetHints":{"allow":["GET"]}}],"collection":[{"href":"https:\/\/www.europesays.com\/fr\/wp-json\/wp\/v2\/posts"}],"about":[{"href":"https:\/\/www.europesays.com\/fr\/wp-json\/wp\/v2\/types\/post"}],"author":[{"embeddable":true,"href":"https:\/\/www.europesays.com\/fr\/wp-json\/wp\/v2\/users\/2"}],"replies":[{"embeddable":true,"href":"https:\/\/www.europesays.com\/fr\/wp-json\/wp\/v2\/comments?post=161615"}],"version-history":[{"count":0,"href":"https:\/\/www.europesays.com\/fr\/wp-json\/wp\/v2\/posts\/161615\/revisions"}],"wp:featuredmedia":[{"embeddable":true,"href":"https:\/\/www.europesays.com\/fr\/wp-json\/wp\/v2\/media\/161616"}],"wp:attachment":[{"href":"https:\/\/www.europesays.com\/fr\/wp-json\/wp\/v2\/media?parent=161615"}],"wp:term":[{"taxonomy":"category","embeddable":true,"href":"https:\/\/www.europesays.com\/fr\/wp-json\/wp\/v2\/categories?post=161615"},{"taxonomy":"post_tag","embeddable":true,"href":"https:\/\/www.europesays.com\/fr\/wp-json\/wp\/v2\/tags?post=161615"}],"curies":[{"name":"wp","href":"https:\/\/api.w.org\/{rel}","templated":true}]}}