{"id":161617,"date":"2025-06-08T19:38:10","date_gmt":"2025-06-08T19:38:10","guid":{"rendered":"https:\/\/www.europesays.com\/fr\/161617\/"},"modified":"2025-06-08T19:38:10","modified_gmt":"2025-06-08T19:38:10","slug":"la-ricamarie-frederic-bobin-chante-lavilliers-jeudi-a-lepallle-theatre","status":"publish","type":"post","link":"https:\/\/www.europesays.com\/fr\/161617\/","title":{"rendered":"La Ricamarie. Fr\u00e9d\u00e9ric Bobin chante Lavilliers, jeudi \u00e0 l&rsquo;Epallle Th\u00e9\u00e2tre"},"content":{"rendered":"<p>\u00ab \u00a0Cette soir\u00e9e n&rsquo;est pas un spectacle ni m\u00eame un concert, je la vois davantage comme une veill\u00e9e, comme si nous \u00e9tions autour d&rsquo;une table ou d&rsquo;un feu et que je sortais ma guitare pour faire d\u00e9couvrir ou red\u00e9couvrir des chansons de Lavilliers \u00e0 mes amis.\u00a0 \u00bb Fr\u00e9d\u00e9ric Bobin piochera dans l&rsquo;immense r\u00e9pertoire de l&rsquo;artiste\u00a0: \u00ab \u00a0Betty\u00a0 \u00bb, \u00ab \u00a0La grande mar\u00e9e\u00a0 \u00bb, \u00ab \u00a0Les mains d&rsquo;or\u00a0 \u00bb, \u00ab \u00a0L&rsquo;espoir\u00a0 \u00bb, \u00ab \u00a0On the road again\u00a0 \u00bb\u2026<\/p>\n<p class=\"note\">Jeudi 12\u00a0juin \u00e0 20\u00a0h. L&rsquo;Epallle Th\u00e9\u00e2tre &#8211; L&rsquo;Autre Lieu. Tarifs\u00a0: de 12 \u00e0 19\u00a0\u20ac. Renseignements\u00a0: www.epallletheatre.fr<\/p>\n","protected":false},"excerpt":{"rendered":"\u00ab \u00a0Cette soir\u00e9e n&rsquo;est pas un spectacle ni m\u00eame un concert, je la vois davantage comme une veill\u00e9e,&hellip;\n","protected":false},"author":2,"featured_media":161618,"comment_status":"","ping_status":"","sticky":false,"template":"","format":"standard","meta":{"footnotes":""},"categories":[9653],"tags":[1111,11,2430,1687,7539,1777,674,1011,27,11324,11325,873,12,25,4001],"class_list":{"0":"post-161617","1":"post","2":"type-post","3":"status-publish","4":"format-standard","5":"has-post-thumbnail","7":"category-saint-etienne","8":"tag-actu","9":"tag-actualites","10":"tag-auvergne-rhone-alpes","11":"tag-culture-loisirs","12":"tag-edition-loire-sud","13":"tag-eu","14":"tag-europe","15":"tag-fr","16":"tag-france","17":"tag-la-ricamarie","18":"tag-la-ricamarie-ville","19":"tag-musique","20":"tag-news","21":"tag-republique-francaise","22":"tag-saint-etienne"},"share_on_mastodon":{"url":"https:\/\/pubeurope.com\/@fr\/114649438959436214","error":""},"_links":{"self":[{"href":"https:\/\/www.europesays.com\/fr\/wp-json\/wp\/v2\/posts\/161617","targetHints":{"allow":["GET"]}}],"collection":[{"href":"https:\/\/www.europesays.com\/fr\/wp-json\/wp\/v2\/posts"}],"about":[{"href":"https:\/\/www.europesays.com\/fr\/wp-json\/wp\/v2\/types\/post"}],"author":[{"embeddable":true,"href":"https:\/\/www.europesays.com\/fr\/wp-json\/wp\/v2\/users\/2"}],"replies":[{"embeddable":true,"href":"https:\/\/www.europesays.com\/fr\/wp-json\/wp\/v2\/comments?post=161617"}],"version-history":[{"count":0,"href":"https:\/\/www.europesays.com\/fr\/wp-json\/wp\/v2\/posts\/161617\/revisions"}],"wp:featuredmedia":[{"embeddable":true,"href":"https:\/\/www.europesays.com\/fr\/wp-json\/wp\/v2\/media\/161618"}],"wp:attachment":[{"href":"https:\/\/www.europesays.com\/fr\/wp-json\/wp\/v2\/media?parent=161617"}],"wp:term":[{"taxonomy":"category","embeddable":true,"href":"https:\/\/www.europesays.com\/fr\/wp-json\/wp\/v2\/categories?post=161617"},{"taxonomy":"post_tag","embeddable":true,"href":"https:\/\/www.europesays.com\/fr\/wp-json\/wp\/v2\/tags?post=161617"}],"curies":[{"name":"wp","href":"https:\/\/api.w.org\/{rel}","templated":true}]}}