{"id":161619,"date":"2025-06-08T19:39:09","date_gmt":"2025-06-08T19:39:09","guid":{"rendered":"https:\/\/www.europesays.com\/fr\/161619\/"},"modified":"2025-06-08T19:39:09","modified_gmt":"2025-06-08T19:39:09","slug":"le-maire-gael-perdriau-satisfait-de-la-date-de-son-proces","status":"publish","type":"post","link":"https:\/\/www.europesays.com\/fr\/161619\/","title":{"rendered":"le maire Ga\u00ebl Perdriau satisfait de la date de son proc\u00e8s"},"content":{"rendered":"<p>Le maire de Saint-\u00c9tienne, <a href=\"https:\/\/www.leprogres.fr\/p\/gael-perdriau\" target=\"_blank\" rel=\"nofollow noopener\">Ga\u00ebl Perdriau<\/a> (ex-LR) accus\u00e9 d&rsquo;avoir fait chanter son premier adjoint avec une vid\u00e9o intime, est\u00a0satisfait de son renvoi en correctionnelle d\u00e8s septembre prochain, a indiqu\u00e9 dimanche un de ses avocats.<\/p>\n<p>\u00ab Ga\u00ebl Perdriau est tr\u00e8s content qu\u2019une audience soit fix\u00e9e \u00e0 une date proche afin qu\u2019il puisse s\u2019exprimer le plus vite possible devant un tribunal en toute transparence \u00bb, a d\u00e9clar\u00e9 Me Jean-F\u00e9lix Luciani apr\u00e8s s\u2019\u00eatre entretenu avec l&rsquo;\u00e9lu de retour dimanche d\u2019un d\u00e9placement en Ukraine.<\/p>\n<p>  \u00ab Cela lui permettra aussi de prendre une d\u00e9cision \u00bb<\/p>\n<p>\u00ab Le maire de Saint-\u00c9tienne va ainsi pouvoir s\u2019expliquer dans un temps qui n\u2019interf\u00e8re pas trop avec la campagne pour les \u00e9lections municipales de 2026, afin qu\u2019elle puisse \u00eatre apais\u00e9e en \u00e9tant d\u00e9barrass\u00e9e de toute hypoth\u00e8que judiciaire et que les St\u00e9phanois s\u2019expriment tranquillement \u00bb, a poursuivi l\u2019avocat.<\/p>\n<p>\u00ab Cela lui permettra aussi de prendre une d\u00e9cision et de l\u2019annoncer de fa\u00e7on plus sereine apr\u00e8s l\u2019audience \u00bb, ajoute Me Luciani concernant celui qui est \u00e9lu maire et pr\u00e9sident de la m\u00e9tropole st\u00e9phanoise depuis 2014.<\/p>\n","protected":false},"excerpt":{"rendered":"Le maire de Saint-\u00c9tienne, Ga\u00ebl Perdriau (ex-LR) accus\u00e9 d&rsquo;avoir fait chanter son premier adjoint avec une vid\u00e9o intime,&hellip;\n","protected":false},"author":2,"featured_media":161620,"comment_status":"","ping_status":"","sticky":false,"template":"","format":"standard","meta":{"footnotes":""},"categories":[9653],"tags":[1111,11,2430,7539,1777,674,274,107,1011,27,3367,12,316,25,4001],"class_list":{"0":"post-161619","1":"post","2":"type-post","3":"status-publish","4":"format-standard","5":"has-post-thumbnail","7":"category-saint-etienne","8":"tag-actu","9":"tag-actualites","10":"tag-auvergne-rhone-alpes","11":"tag-edition-loire-sud","12":"tag-eu","13":"tag-europe","14":"tag-faits-divers-justice","15":"tag-fil-info","16":"tag-fr","17":"tag-france","18":"tag-loire","19":"tag-news","20":"tag-politique","21":"tag-republique-francaise","22":"tag-saint-etienne"},"share_on_mastodon":{"url":"https:\/\/pubeurope.com\/@fr\/114649443017089464","error":""},"_links":{"self":[{"href":"https:\/\/www.europesays.com\/fr\/wp-json\/wp\/v2\/posts\/161619","targetHints":{"allow":["GET"]}}],"collection":[{"href":"https:\/\/www.europesays.com\/fr\/wp-json\/wp\/v2\/posts"}],"about":[{"href":"https:\/\/www.europesays.com\/fr\/wp-json\/wp\/v2\/types\/post"}],"author":[{"embeddable":true,"href":"https:\/\/www.europesays.com\/fr\/wp-json\/wp\/v2\/users\/2"}],"replies":[{"embeddable":true,"href":"https:\/\/www.europesays.com\/fr\/wp-json\/wp\/v2\/comments?post=161619"}],"version-history":[{"count":0,"href":"https:\/\/www.europesays.com\/fr\/wp-json\/wp\/v2\/posts\/161619\/revisions"}],"wp:featuredmedia":[{"embeddable":true,"href":"https:\/\/www.europesays.com\/fr\/wp-json\/wp\/v2\/media\/161620"}],"wp:attachment":[{"href":"https:\/\/www.europesays.com\/fr\/wp-json\/wp\/v2\/media?parent=161619"}],"wp:term":[{"taxonomy":"category","embeddable":true,"href":"https:\/\/www.europesays.com\/fr\/wp-json\/wp\/v2\/categories?post=161619"},{"taxonomy":"post_tag","embeddable":true,"href":"https:\/\/www.europesays.com\/fr\/wp-json\/wp\/v2\/tags?post=161619"}],"curies":[{"name":"wp","href":"https:\/\/api.w.org\/{rel}","templated":true}]}}