{"id":161623,"date":"2025-06-08T19:41:17","date_gmt":"2025-06-08T19:41:17","guid":{"rendered":"https:\/\/www.europesays.com\/fr\/161623\/"},"modified":"2025-06-08T19:41:17","modified_gmt":"2025-06-08T19:41:17","slug":"photos-les-anciens-de-las-nancy-lorraine-ont-regale-le-stade-mainvaux-de-saint-max-lors-du-match-du-coeur-dhere","status":"publish","type":"post","link":"https:\/\/www.europesays.com\/fr\/161623\/","title":{"rendered":"Photos . Les anciens de l&rsquo;AS Nancy-Lorraine ont r\u00e9gal\u00e9 le stade Mainvaux de Saint-Max lors du match du coeur d&rsquo;H\u00e9r\u00e9"},"content":{"rendered":"<p>Une semaine apr\u00e8s le superbe hommage rendu \u00e0 Landry Nguemo au stade Marcel-Picot, les anciens de l\u2019ASNL ont de nouveau chauss\u00e9 les crampons, ce dimanche, contre l\u2019\u00e9quipe de France des Transplant\u00e9s, pour inaugurer la nouvelle pelouse du stade Mainvaux de Saint-Max. Les Nanc\u00e9iens ont r\u00e9gal\u00e9 les 400 supporters pr\u00e9sents en l&#8217;emportant 7-1 (buteurs \u00a0:\u00a0Zerka, Chr\u00e9tien, V. Pertusot, Jacquot, L. Vairelles, Goursaud (x 2) pour les anciens de l&rsquo;ASNL et Alaaddin pour l&rsquo;\u00e9quipe de France des transplant\u00e9s). Les photos de cette rencontre pour la bonne cause.<\/p>\n","protected":false},"excerpt":{"rendered":"Une semaine apr\u00e8s le superbe hommage rendu \u00e0 Landry Nguemo au stade Marcel-Picot, les anciens de l\u2019ASNL ont&hellip;\n","protected":false},"author":2,"featured_media":161624,"comment_status":"","ping_status":"","sticky":false,"template":"","format":"standard","meta":{"footnotes":""},"categories":[9635],"tags":[1111,11,3703,1707,1704,1706,1705,1777,674,63,1011,27,5325,2798,9540,775,1702,12,25,16937,1700],"class_list":{"0":"post-161623","1":"post","2":"type-post","3":"status-publish","4":"format-standard","5":"has-post-thumbnail","7":"category-nancy","8":"tag-actu","9":"tag-actualites","10":"tag-asnl","11":"tag-edition-luneville","12":"tag-edition-nancy-et-agglomeration","13":"tag-edition-pont-a-mousson","14":"tag-edition-toul","15":"tag-eu","16":"tag-europe","17":"tag-football","18":"tag-fr","19":"tag-france","20":"tag-galerie-media","21":"tag-galerie-photo","22":"tag-galerie-sport","23":"tag-grand-est","24":"tag-nancy","25":"tag-news","26":"tag-republique-francaise","27":"tag-saint-max","28":"tag-sport-lorrain"},"share_on_mastodon":{"url":"https:\/\/pubeurope.com\/@fr\/114649450797719570","error":""},"_links":{"self":[{"href":"https:\/\/www.europesays.com\/fr\/wp-json\/wp\/v2\/posts\/161623","targetHints":{"allow":["GET"]}}],"collection":[{"href":"https:\/\/www.europesays.com\/fr\/wp-json\/wp\/v2\/posts"}],"about":[{"href":"https:\/\/www.europesays.com\/fr\/wp-json\/wp\/v2\/types\/post"}],"author":[{"embeddable":true,"href":"https:\/\/www.europesays.com\/fr\/wp-json\/wp\/v2\/users\/2"}],"replies":[{"embeddable":true,"href":"https:\/\/www.europesays.com\/fr\/wp-json\/wp\/v2\/comments?post=161623"}],"version-history":[{"count":0,"href":"https:\/\/www.europesays.com\/fr\/wp-json\/wp\/v2\/posts\/161623\/revisions"}],"wp:featuredmedia":[{"embeddable":true,"href":"https:\/\/www.europesays.com\/fr\/wp-json\/wp\/v2\/media\/161624"}],"wp:attachment":[{"href":"https:\/\/www.europesays.com\/fr\/wp-json\/wp\/v2\/media?parent=161623"}],"wp:term":[{"taxonomy":"category","embeddable":true,"href":"https:\/\/www.europesays.com\/fr\/wp-json\/wp\/v2\/categories?post=161623"},{"taxonomy":"post_tag","embeddable":true,"href":"https:\/\/www.europesays.com\/fr\/wp-json\/wp\/v2\/tags?post=161623"}],"curies":[{"name":"wp","href":"https:\/\/api.w.org\/{rel}","templated":true}]}}