{"id":161625,"date":"2025-06-08T19:42:10","date_gmt":"2025-06-08T19:42:10","guid":{"rendered":"https:\/\/www.europesays.com\/fr\/161625\/"},"modified":"2025-06-08T19:42:10","modified_gmt":"2025-06-08T19:42:10","slug":"yole-de-bantry-230-ans-dhistoire-20-ans-de-rade-de-toulon","status":"publish","type":"post","link":"https:\/\/www.europesays.com\/fr\/161625\/","title":{"rendered":"Yole de Bantry: 230 ans d\u2019histoire, 20 ans de rade de Toulon"},"content":{"rendered":"<p>Amarr\u00e9e au carr\u00e9 du port, une longue et plate embarcation en bois intrigue. Pour en savoir plus, il faut entrer dans la galerie de la mairie d\u2019honneur o\u00f9 une exposition, organis\u00e9e par la ville et l\u2019association des Jeunes marins du Var (Jemvar), retrace l\u2019histoire de cette r\u00e9plique varoise de la Yole de Bantry. De nombreux documents, illustrations, objets&#8230; permettent de s\u2019immerger dans le parcours et le r\u00f4le des yoles, en particulier la Yole de Bantry, et la construction, il y a 20 ans, de celle de Toulon.<\/p>\n<p>Cette embarcation du XVIIIe\u1d49 si\u00e8cle, se man\u0153uvrant soit \u00e0 l\u2019aviron soit \u00e0 la voile, \u00e9tait utilis\u00e9e comme annexe d\u2019un navire de la Marine fran\u00e7aise pour transporter le capitaine d\u2019un navire \u00e0 l\u2019autre ou sur la rive. Captur\u00e9e en 1796 en baie de Bantry en Irlande, puis conserv\u00e9e au mus\u00e9e national de Dublin, elle a \u00e9t\u00e9 reconstitu\u00e9e \u00e0 l\u2019identique, selon les m\u00e9thodes traditionnelles, par l\u2019association Jemvar pr\u00e9sid\u00e9e par Dominique Chaignon.<\/p>\n<p>Celle-ci organise \u00e9galement des sorties en mer et participe \u00e0 des manifestations nautiques nationales et internationales, telles que Les Tonnerres de Brest, la Semaine du Golfe ou la Vogalonga \u00e0 Venise. Outre l\u2019initiation des jeunes aux pr\u00e9parations militaires marines, Jemvar soutient les personnes en situation de handicap et agit en faveur de l\u2019insertion sociale. Ainsi, Bruno de La Barre, charpentier, a motiv\u00e9 et encadr\u00e9 une \u00e9quipe de jeunes en r\u00e9insertion lors de la construction de cette yole.<\/p>\n<p>Jusqu\u2019au 12 juin \u00e0 la mairie d\u2019honneur, sur le port. Du lundi au vendredi de 9h \u00e0 16h30<\/p>\n","protected":false},"excerpt":{"rendered":"Amarr\u00e9e au carr\u00e9 du port, une longue et plate embarcation en bois intrigue. Pour en savoir plus, il&hellip;\n","protected":false},"author":2,"featured_media":161626,"comment_status":"","ping_status":"","sticky":false,"template":"","format":"standard","meta":{"footnotes":""},"categories":[9619],"tags":[1111,11,1777,674,1011,27,12,882,25,2310,3366],"class_list":{"0":"post-161625","1":"post","2":"type-post","3":"status-publish","4":"format-standard","5":"has-post-thumbnail","7":"category-toulon","8":"tag-actu","9":"tag-actualites","10":"tag-eu","11":"tag-europe","12":"tag-fr","13":"tag-france","14":"tag-news","15":"tag-provence-alpes-cote-dazur","16":"tag-republique-francaise","17":"tag-toulon","18":"tag-vie-locale"},"share_on_mastodon":{"url":"https:\/\/pubeurope.com\/@fr\/114649454644763086","error":""},"_links":{"self":[{"href":"https:\/\/www.europesays.com\/fr\/wp-json\/wp\/v2\/posts\/161625","targetHints":{"allow":["GET"]}}],"collection":[{"href":"https:\/\/www.europesays.com\/fr\/wp-json\/wp\/v2\/posts"}],"about":[{"href":"https:\/\/www.europesays.com\/fr\/wp-json\/wp\/v2\/types\/post"}],"author":[{"embeddable":true,"href":"https:\/\/www.europesays.com\/fr\/wp-json\/wp\/v2\/users\/2"}],"replies":[{"embeddable":true,"href":"https:\/\/www.europesays.com\/fr\/wp-json\/wp\/v2\/comments?post=161625"}],"version-history":[{"count":0,"href":"https:\/\/www.europesays.com\/fr\/wp-json\/wp\/v2\/posts\/161625\/revisions"}],"wp:featuredmedia":[{"embeddable":true,"href":"https:\/\/www.europesays.com\/fr\/wp-json\/wp\/v2\/media\/161626"}],"wp:attachment":[{"href":"https:\/\/www.europesays.com\/fr\/wp-json\/wp\/v2\/media?parent=161625"}],"wp:term":[{"taxonomy":"category","embeddable":true,"href":"https:\/\/www.europesays.com\/fr\/wp-json\/wp\/v2\/categories?post=161625"},{"taxonomy":"post_tag","embeddable":true,"href":"https:\/\/www.europesays.com\/fr\/wp-json\/wp\/v2\/tags?post=161625"}],"curies":[{"name":"wp","href":"https:\/\/api.w.org\/{rel}","templated":true}]}}