{"id":161627,"date":"2025-06-08T19:43:22","date_gmt":"2025-06-08T19:43:22","guid":{"rendered":"https:\/\/www.europesays.com\/fr\/161627\/"},"modified":"2025-06-08T19:43:22","modified_gmt":"2025-06-08T19:43:22","slug":"des-yachts-atypiques-amarres-a-toulon-les-mythiques-grand-banks-repartent-ce-dimanche","status":"publish","type":"post","link":"https:\/\/www.europesays.com\/fr\/161627\/","title":{"rendered":"Des yachts atypiques amarr\u00e9s \u00e0 Toulon: les mythiques Grand Banks repartent ce dimanche"},"content":{"rendered":"<p>De loin, on dirait des chalutiers. De pr\u00e8s, on comprend vite que rougets, loups et autres dorades peuvent dormir tranquille. Les Grand Banks, petits yachts aux lignes inspir\u00e9es des bateaux de p\u00eache de Nouvelle Angleterre (trawler), ont fait admirer leur silhouette atypique cette semaine sur le port de Toulon.<\/p>\n<p>Il s\u2019agissait en effet du 35e Rassemblement de l\u2019amicale des Grand Banks, un \u00e9v\u00e9nement nautique qui r\u00e9unit chaque ann\u00e9e les passionn\u00e9s de ces navires. Apr\u00e8s un stop \u00e0 Porquerolles en d\u00e9but de semaine, c\u2019est \u00e0 Toulon, au quai d\u2019honneur, qu\u2019une vingtaine de ces embarcations, venues de toute la M\u00e9diterran\u00e9e, ont fait escale.<\/p>\n<p>              <img ci-src=\"https:\/\/www.varmatin.com\/vie-locale\/protec\/DATA_ART_15676848-WLv9sTpv.png?vh=c74028&amp;ci_seal=1540743354\" alt=\"\"\/><br \/>\n        Une douzaine de ces embarcations atypiques ont d\u00e9couvert le port de Toulon. <strong>Photo DR.<\/strong> <\/p>\n<p>L\u2019occasion de s\u2019int\u00e9resser \u00e0 ce bateau connu pour son luxe, la solidit\u00e9 de sa structure mais aussi son allure de s\u00e9nateur et sa propension assum\u00e9e au roulis. Construit en Asie depuis soixante ans, le Grand Banks reste un produit de luxe, pour lequel une unit\u00e9 d\u2019occasion se n\u00e9gocie entre 150.000 et 200.000 euros.<\/p>\n<p>\u00ab\u00a0Ces bateaux de caract\u00e8re sont toujours admir\u00e9s avec leur style un brin surann\u00e9, leur int\u00e9rieur en teck massif, une proue qui remonte l\u00e9g\u00e8rement, un arri\u00e8re large et verni et le bordage apparent de la coque\u00a0\u00bb, explique l\u2019amicale des Grand Banks. \u00ab\u00a0Ce sont des navires s\u00fbrs dans le mauvais temps, habitables, voyageurs, confortables, silencieux\u00a0\u00bb<\/p>\n<p>Les propri\u00e9taires quittent Toulon ce dimanche, avec une derni\u00e8re halte \u00e0 M\u00e9jean, pour le d\u00e9jeuner.<\/p>\n","protected":false},"excerpt":{"rendered":"De loin, on dirait des chalutiers. De pr\u00e8s, on comprend vite que rougets, loups et autres dorades peuvent&hellip;\n","protected":false},"author":2,"featured_media":161628,"comment_status":"","ping_status":"","sticky":false,"template":"","format":"standard","meta":{"footnotes":""},"categories":[9619],"tags":[1111,11,1777,674,1011,27,12,882,25,2310,3366],"class_list":{"0":"post-161627","1":"post","2":"type-post","3":"status-publish","4":"format-standard","5":"has-post-thumbnail","7":"category-toulon","8":"tag-actu","9":"tag-actualites","10":"tag-eu","11":"tag-europe","12":"tag-fr","13":"tag-france","14":"tag-news","15":"tag-provence-alpes-cote-dazur","16":"tag-republique-francaise","17":"tag-toulon","18":"tag-vie-locale"},"share_on_mastodon":{"url":"https:\/\/pubeurope.com\/@fr\/114649458550314871","error":""},"_links":{"self":[{"href":"https:\/\/www.europesays.com\/fr\/wp-json\/wp\/v2\/posts\/161627","targetHints":{"allow":["GET"]}}],"collection":[{"href":"https:\/\/www.europesays.com\/fr\/wp-json\/wp\/v2\/posts"}],"about":[{"href":"https:\/\/www.europesays.com\/fr\/wp-json\/wp\/v2\/types\/post"}],"author":[{"embeddable":true,"href":"https:\/\/www.europesays.com\/fr\/wp-json\/wp\/v2\/users\/2"}],"replies":[{"embeddable":true,"href":"https:\/\/www.europesays.com\/fr\/wp-json\/wp\/v2\/comments?post=161627"}],"version-history":[{"count":0,"href":"https:\/\/www.europesays.com\/fr\/wp-json\/wp\/v2\/posts\/161627\/revisions"}],"wp:featuredmedia":[{"embeddable":true,"href":"https:\/\/www.europesays.com\/fr\/wp-json\/wp\/v2\/media\/161628"}],"wp:attachment":[{"href":"https:\/\/www.europesays.com\/fr\/wp-json\/wp\/v2\/media?parent=161627"}],"wp:term":[{"taxonomy":"category","embeddable":true,"href":"https:\/\/www.europesays.com\/fr\/wp-json\/wp\/v2\/categories?post=161627"},{"taxonomy":"post_tag","embeddable":true,"href":"https:\/\/www.europesays.com\/fr\/wp-json\/wp\/v2\/tags?post=161627"}],"curies":[{"name":"wp","href":"https:\/\/api.w.org\/{rel}","templated":true}]}}