{"id":161633,"date":"2025-06-08T19:48:11","date_gmt":"2025-06-08T19:48:11","guid":{"rendered":"https:\/\/www.europesays.com\/fr\/161633\/"},"modified":"2025-06-08T19:48:11","modified_gmt":"2025-06-08T19:48:11","slug":"barrage-daccession-a-la-d3-feminine-las-chatenoy-met-encore-k-o-le-fc-rouen-et-valide-sa-montee-en-d3","status":"publish","type":"post","link":"https:\/\/www.europesays.com\/fr\/161633\/","title":{"rendered":"Barrage d\u2019accession \u00e0 la D3 f\u00e9minine. L\u2019AS Ch\u00e2tenoy met encore K-O le FC\u00a0Rouen et valide sa mont\u00e9e en D3"},"content":{"rendered":"<p>Ch\u00e2tenoy &#8211; Rouen<\/p>\n<p>2-0<\/p>\n<p>M\u00eame ce match-l\u00e0, elles n\u2019ont pas voulu le laisser \u00e9chapper. Alors que les Ch\u00e2tenoyennes avaient quatre buts d\u2019avance apr\u00e8s leur \u00e9clatante victoire \u00e0 l\u2019aller (6-2), que les Rouennaises \u00e9taient venues pour laver l\u2019affront, les joueuses d\u2019Ang\u00e8le Gauliard ont mis un point d\u2019honneur \u00e0 remporter ce barrage retour.<\/p>\n<p>Sans encaisser de but et en marquant leurs 111e et 112e r\u00e9alisations de l\u2019exercice. Pour boucler une saison 2024-25 invaincues, d\u00e9crocher leur 21e victoire en 24 matches (pour trois nuls), et ent\u00e9riner leur mont\u00e9e en D3. Vingt ans apr\u00e8s la premi\u00e8re accession de l\u2019ASCR \u00e0 cet \u00e9chelon, en 2005. Bref, le&#8230;<\/p>\n","protected":false},"excerpt":{"rendered":"Ch\u00e2tenoy &#8211; Rouen 2-0 M\u00eame ce match-l\u00e0, elles n\u2019ont pas voulu le laisser \u00e9chapper. Alors que les Ch\u00e2tenoyennes&hellip;\n","protected":false},"author":2,"featured_media":161634,"comment_status":"","ping_status":"","sticky":false,"template":"","format":"standard","meta":{"footnotes":""},"categories":[9587],"tags":[1111,11,11031,27018,11032,1777,674,107,1701,1795,63,1011,27,1686,12,5161,25,9590,517],"class_list":{"0":"post-161633","1":"post","2":"type-post","3":"status-publish","4":"format-standard","5":"has-post-thumbnail","7":"category-rouen","8":"tag-actu","9":"tag-actualites","10":"tag-chalon-bassin","11":"tag-chatenoy-le-royal","12":"tag-edition-chalon-sur-saone","13":"tag-eu","14":"tag-europe","15":"tag-fil-info","16":"tag-fil-info-sport","17":"tag-fil-web","18":"tag-football","19":"tag-fr","20":"tag-france","21":"tag-import-print","22":"tag-news","23":"tag-normandie","24":"tag-republique-francaise","25":"tag-rouen","26":"tag-sport"},"share_on_mastodon":{"url":"https:\/\/pubeurope.com\/@fr\/114649478675832035","error":""},"_links":{"self":[{"href":"https:\/\/www.europesays.com\/fr\/wp-json\/wp\/v2\/posts\/161633","targetHints":{"allow":["GET"]}}],"collection":[{"href":"https:\/\/www.europesays.com\/fr\/wp-json\/wp\/v2\/posts"}],"about":[{"href":"https:\/\/www.europesays.com\/fr\/wp-json\/wp\/v2\/types\/post"}],"author":[{"embeddable":true,"href":"https:\/\/www.europesays.com\/fr\/wp-json\/wp\/v2\/users\/2"}],"replies":[{"embeddable":true,"href":"https:\/\/www.europesays.com\/fr\/wp-json\/wp\/v2\/comments?post=161633"}],"version-history":[{"count":0,"href":"https:\/\/www.europesays.com\/fr\/wp-json\/wp\/v2\/posts\/161633\/revisions"}],"wp:featuredmedia":[{"embeddable":true,"href":"https:\/\/www.europesays.com\/fr\/wp-json\/wp\/v2\/media\/161634"}],"wp:attachment":[{"href":"https:\/\/www.europesays.com\/fr\/wp-json\/wp\/v2\/media?parent=161633"}],"wp:term":[{"taxonomy":"category","embeddable":true,"href":"https:\/\/www.europesays.com\/fr\/wp-json\/wp\/v2\/categories?post=161633"},{"taxonomy":"post_tag","embeddable":true,"href":"https:\/\/www.europesays.com\/fr\/wp-json\/wp\/v2\/tags?post=161633"}],"curies":[{"name":"wp","href":"https:\/\/api.w.org\/{rel}","templated":true}]}}