{"id":161641,"date":"2025-06-08T19:52:10","date_gmt":"2025-06-08T19:52:10","guid":{"rendered":"https:\/\/www.europesays.com\/fr\/161641\/"},"modified":"2025-06-08T19:52:10","modified_gmt":"2025-06-08T19:52:10","slug":"a-rennes-webinaire-sur-la-pologne-avec-la-maison-de-leurope-2","status":"publish","type":"post","link":"https:\/\/www.europesays.com\/fr\/161641\/","title":{"rendered":"\u00c0 Rennes, webinaire sur la Pologne avec la Maison de l\u2019Europe"},"content":{"rendered":"<p>La Maison de l\u2019Europe de Rennes et Haute Bretagne organise un webinaire consacr\u00e9 \u00e0 <a href=\"https:\/\/rennes.maville.com\/actu\/actudet_-une-pologne-ambitieuse-prend-les-renes-de-l-union-europeenne-a-partir-du-1er-janvier-_54135-6617794_actu.Htm\" target=\"_blank\" rel=\"noopener\">la pr\u00e9sidence polonaise du conseil de l\u2019Union europ\u00e9enne<\/a>, mardi 17\u00a0juin 2025, \u00e0 partir de 17\u00a0h\u00a030. Depuis le 1er\u00a0janvier 2025, la Pologne assure la pr\u00e9sidence tournante du Conseil de l\u2019Union europ\u00e9enne pour une dur\u00e9e de six mois. <strong>\u00ab\u00a0C\u2019est la deuxi\u00e8me fois que le pays occupe cette fonction, apr\u00e8s une premi\u00e8re pr\u00e9sidence en 2011\u00a0\u00bb<\/strong>, souligne la Maison de l\u2019Europe.<\/p>\n<p><strong>Lire aussi\u00a0:<\/strong> <a href=\"https:\/\/rennes.maville.com\/actu\/actudet_-jumelages-culture-vie-associative...-les-polonais-de-rennes-une-petite-communaute-tres-dynamique-_7-6434298_actu.Htm\" target=\"_blank\" rel=\"noopener\"> Jumelages, culture, vie associative\u2026 Les Polonais de Rennes, une petite communaut\u00e9 tr\u00e8s dynamique<\/a><\/p>\n<p><a href=\"https:\/\/maison-europe-rennes.org\/les-100-premiers-jours-de-la-commission-europeenne\/\" target=\"_blank\" rel=\"noopener\">Robert Soltyk, chef d\u2019\u00e9quipe communication, partenariats et r\u00e9seaux \u00e0 la Repr\u00e9sentation en France de la Commission europ\u00e9enne<\/a>, et Michel Dorin, pr\u00e9sident de la Maison de l\u2019Europe de Rennes et Haute Bretagne \u2013 Consul honoraire de Pologne, livreront leur analyse de cette pr\u00e9sidence polonaise dans le contexte de la guerre en Ukraine, de la crise \u00e9nerg\u00e9tique et de la n\u00e9cessit\u00e9 de renforcer la coh\u00e9sion europ\u00e9enne. Inscription via Helloasso (un lien de connexion sera transmis lundi 16\u00a0juin)\u00a0: <a href=\"https:\/\/www.helloasso.com\/associations\/maison-de-l-europe-nantes\/evenements\/webinaire-retour-sur-la-presidence-polonaise-du-conseil-de-l-ue\" target=\"_blank\" rel=\"noopener\">https:\/\/www.helloasso.com\/associations\/maison-de-l-europe-nantes\/evenements\/webinaire-retour-sur-la-presidence-polonaise-du-conseil-de-l-ue<\/a><\/p>\n<p>\u00a0<\/p>\n<p>\u00a0<\/p>\n","protected":false},"excerpt":{"rendered":"La Maison de l\u2019Europe de Rennes et Haute Bretagne organise un webinaire consacr\u00e9 \u00e0 la pr\u00e9sidence polonaise du&hellip;\n","protected":false},"author":2,"featured_media":161565,"comment_status":"","ping_status":"","sticky":false,"template":"","format":"standard","meta":{"footnotes":""},"categories":[2821],"tags":[1111,11,829,1777,674,1011,27,2142,12,2437,584,25,18823,13102],"class_list":{"0":"post-161641","1":"post","2":"type-post","3":"status-publish","4":"format-standard","5":"has-post-thumbnail","7":"category-rennes","8":"tag-actu","9":"tag-actualites","10":"tag-bretagne","11":"tag-eu","12":"tag-europe","13":"tag-fr","14":"tag-france","15":"tag-maison","16":"tag-news","17":"tag-pologne","18":"tag-rennes","19":"tag-republique-francaise","20":"tag-vitre","21":"tag-webinaire"},"share_on_mastodon":{"url":"https:\/\/pubeurope.com\/@fr\/114649493935144570","error":""},"_links":{"self":[{"href":"https:\/\/www.europesays.com\/fr\/wp-json\/wp\/v2\/posts\/161641","targetHints":{"allow":["GET"]}}],"collection":[{"href":"https:\/\/www.europesays.com\/fr\/wp-json\/wp\/v2\/posts"}],"about":[{"href":"https:\/\/www.europesays.com\/fr\/wp-json\/wp\/v2\/types\/post"}],"author":[{"embeddable":true,"href":"https:\/\/www.europesays.com\/fr\/wp-json\/wp\/v2\/users\/2"}],"replies":[{"embeddable":true,"href":"https:\/\/www.europesays.com\/fr\/wp-json\/wp\/v2\/comments?post=161641"}],"version-history":[{"count":0,"href":"https:\/\/www.europesays.com\/fr\/wp-json\/wp\/v2\/posts\/161641\/revisions"}],"wp:featuredmedia":[{"embeddable":true,"href":"https:\/\/www.europesays.com\/fr\/wp-json\/wp\/v2\/media\/161565"}],"wp:attachment":[{"href":"https:\/\/www.europesays.com\/fr\/wp-json\/wp\/v2\/media?parent=161641"}],"wp:term":[{"taxonomy":"category","embeddable":true,"href":"https:\/\/www.europesays.com\/fr\/wp-json\/wp\/v2\/categories?post=161641"},{"taxonomy":"post_tag","embeddable":true,"href":"https:\/\/www.europesays.com\/fr\/wp-json\/wp\/v2\/tags?post=161641"}],"curies":[{"name":"wp","href":"https:\/\/api.w.org\/{rel}","templated":true}]}}