{"id":161644,"date":"2025-06-08T19:54:14","date_gmt":"2025-06-08T19:54:14","guid":{"rendered":"https:\/\/www.europesays.com\/fr\/161644\/"},"modified":"2025-06-08T19:54:14","modified_gmt":"2025-06-08T19:54:14","slug":"strasbourg-le-festival-des-bretzels-et-des-jeux-retrouve-son-public-apres-cinq-ans-dabsence-2","status":"publish","type":"post","link":"https:\/\/www.europesays.com\/fr\/161644\/","title":{"rendered":"Strasbourg. Le festival Des Bretzels et des jeux retrouve son public apr\u00e8s cinq ans d\u2019absence"},"content":{"rendered":"<p>\u00ab\u00a0On attendait cette nouvelle date avec impatience\u00a0!\u00a0\u00bb affirme Virginie, 43 ans, venue jouer au festival Des Bretzels et des jeux avec son conjoint et ses enfants de 12 et 14 ans. Entre rires, exclamations, bruits de d\u00e9s et discutions anim\u00e9es, le Phare Citadelle, \u00e0 Strasbourg, est bien anim\u00e9 en ce dimanche 8\u00a0juin.<\/p>\n<p>40 \u00e9diteurs, 150 tables de jeux<\/p>\n<p>Apr\u00e8s cinq ans d\u2019absence, le festival y a pos\u00e9 ses pions et ses plateaux. Les visiteurs, habitu\u00e9s ou novices, de tout \u00e2ge, peuvent s\u2019installer \u00e0 l\u2019une des 150 tables de jeux dispos\u00e9es \u00e0 l\u2019int\u00e9rieur ou dehors sous des tonnelles pour (re) d\u00e9couvrir un grand classique ou une nouveaut\u00e9. En ce qui concerne les r\u00e8gles, pas de panique. Des b\u00e9n\u00e9voles et des professionnels d\u2019une quarantaine d\u2019\u00e9diteurs diff\u00e9rents sont pr\u00e9sents pour les&#8230;<\/p>\n","protected":false},"excerpt":{"rendered":"\u00ab\u00a0On attendait cette nouvelle date avec impatience\u00a0!\u00a0\u00bb affirme Virginie, 43 ans, venue jouer au festival Des Bretzels et&hellip;\n","protected":false},"author":2,"featured_media":161645,"comment_status":"","ping_status":"","sticky":false,"template":"","format":"standard","meta":{"footnotes":""},"categories":[2820],"tags":[1111,11,1687,2880,1777,674,107,1685,1011,27,775,1036,12,25,640,2879],"class_list":{"0":"post-161644","1":"post","2":"type-post","3":"status-publish","4":"format-standard","5":"has-post-thumbnail","7":"category-strasbourg","8":"tag-actu","9":"tag-actualites","10":"tag-culture-loisirs","11":"tag-edition-strasbourg","12":"tag-eu","13":"tag-europe","14":"tag-fil-info","15":"tag-foire-et-salon","16":"tag-fr","17":"tag-france","18":"tag-grand-est","19":"tag-jeux-video","20":"tag-news","21":"tag-republique-francaise","22":"tag-strasbourg","23":"tag-strasbourg-ville"},"share_on_mastodon":{"url":"https:\/\/pubeurope.com\/@fr\/114649501708383517","error":""},"_links":{"self":[{"href":"https:\/\/www.europesays.com\/fr\/wp-json\/wp\/v2\/posts\/161644","targetHints":{"allow":["GET"]}}],"collection":[{"href":"https:\/\/www.europesays.com\/fr\/wp-json\/wp\/v2\/posts"}],"about":[{"href":"https:\/\/www.europesays.com\/fr\/wp-json\/wp\/v2\/types\/post"}],"author":[{"embeddable":true,"href":"https:\/\/www.europesays.com\/fr\/wp-json\/wp\/v2\/users\/2"}],"replies":[{"embeddable":true,"href":"https:\/\/www.europesays.com\/fr\/wp-json\/wp\/v2\/comments?post=161644"}],"version-history":[{"count":0,"href":"https:\/\/www.europesays.com\/fr\/wp-json\/wp\/v2\/posts\/161644\/revisions"}],"wp:featuredmedia":[{"embeddable":true,"href":"https:\/\/www.europesays.com\/fr\/wp-json\/wp\/v2\/media\/161645"}],"wp:attachment":[{"href":"https:\/\/www.europesays.com\/fr\/wp-json\/wp\/v2\/media?parent=161644"}],"wp:term":[{"taxonomy":"category","embeddable":true,"href":"https:\/\/www.europesays.com\/fr\/wp-json\/wp\/v2\/categories?post=161644"},{"taxonomy":"post_tag","embeddable":true,"href":"https:\/\/www.europesays.com\/fr\/wp-json\/wp\/v2\/tags?post=161644"}],"curies":[{"name":"wp","href":"https:\/\/api.w.org\/{rel}","templated":true}]}}