{"id":161646,"date":"2025-06-08T19:55:11","date_gmt":"2025-06-08T19:55:11","guid":{"rendered":"https:\/\/www.europesays.com\/fr\/161646\/"},"modified":"2025-06-08T19:55:11","modified_gmt":"2025-06-08T19:55:11","slug":"arrive-par-la-mer-a-nice-emmanuel-macron-attend-les-dirigeants-du-monde-pour-le-grand-sommet-des-oceans","status":"publish","type":"post","link":"https:\/\/www.europesays.com\/fr\/161646\/","title":{"rendered":"Arriv\u00e9 par la mer \u00e0 Nice, Emmanuel Macron attend les dirigeants du monde pour le grand sommet des oc\u00e9ans"},"content":{"rendered":"<p>Sea Force 1, le Thalassa, fleuron de la marine oc\u00e9anographique fran\u00e7aise, s\u2019est transform\u00e9, ce dimanche, en navire pr\u00e9sidentiel. C\u2019est par la mer qu\u2019Emmanuel Macron a quitt\u00e9 Monaco et son Blue economy and finance forum pour rejoindre Nice o\u00f9 il donnera ce lundi le coup d\u2019envoi de la 3e Conf\u00e9rence des Nations unies sur l\u2019oc\u00e9an (Unoc).<\/p>\n<p>On ne pouvait trouver transition plus appropri\u00e9e\u2026 Et pourtant, le d\u00e9part de ce convoi maritime exceptionnel, escort\u00e9 par les 200 embarcations mobilis\u00e9es sur les flots azur\u00e9ens pour une grande parade, semble avoir tangu\u00e9 jusqu\u2019au moment de larguer les amarres. M\u00eame les \u00e9quipes de l&rsquo;Institut fran\u00e7ais de recherche pour l\u2019exploitation de la mer (Ifremer), \u00e0 qui appartient le Thalassa, en \u00e9taient venues \u00e0 douter la veille au soir. On parlait alors de \u00ab\u00a0plan B\u00a0\u00bb et de m\u00eame de \u00ab\u00a0plan C\u00a0\u00bb \u00e0 l\u2019\u00e9tude par les services charg\u00e9s de la s\u00e9curit\u00e9 rapproch\u00e9e du Pr\u00e9sident.<\/p>\n<p>La menace Greenpeace prise au s\u00e9rieux<\/p>\n<p>              <img ci-src=\"https:\/\/www.nicematin.com\/environnement\/protec\/DATA_ART_15680326-AAq2k63E.jpg?vh=2023e2&amp;ci_seal=c7bd5b49c5\" alt=\"\"\/><br \/>\n        Le Thalassa a fait la travers\u00e9e sous escorte rapproch\u00e9e du GIGN. <strong>Jean Fran\u00e7ois Ottonello \/ Nice-matin.<\/strong> <\/p>\n<p>La pression est mont\u00e9e d\u2019un cran ce dimanche lorsque, vers 8 heures, un tender s\u2019est un peu trop rapproch\u00e9 des c\u00f4tes mon\u00e9gasques. L\u2019intrus a vite \u00e9t\u00e9 bout\u00e9 hors du p\u00e9rim\u00e8tre d\u2019exclusion. Cette petite annexe n\u2019avait en soi pas grand-chose d\u2019inqui\u00e9tant. Sauf qu\u2019elle appartenait au TT H\u00e9misph\u00e8re, un petit yacht battant pavillon des \u00eeles Cayman venu jeter l\u2019ancre en baie de Beaulieu-sur-Mer au terme d\u2019une courte travers\u00e9e depuis Villanova en Espagne. Un petit port pr\u00e8s de Barcelone dont est sorti peu de temps apr\u00e8s une autre embarcation: l\u2019Arctic sunrise, le bateau de Greenpeace justement interdit de parade ni\u00e7oise. Le petit yacht un peu trop fouineur ne serait-il pas un faux nez de l\u2019organisation au drapeau arc-en-ciel?<\/p>\n<p>La question a manifestement \u00e9t\u00e9 prise tr\u00e8s au s\u00e9rieux. Et la r\u00e9ponse des services de s\u00fbret\u00e9 finalement suffisamment rassurante pour qu\u2019Emmanuel Macron, vers 15h45 embarque comme pr\u00e9vu, mais avec un peu de retard, depuis le quai de l\u2019Hirondelle. Accompagn\u00e9 de son \u00e9pouse, Brigitte Macron, qui avant de se hasarder sur la passerelle prend la sage d\u00e9cision de changer de chaussure. Le prince Albert II semble davantage craindre le soleil et c\u2019est avec sa casquette bleue qu\u2019il salue l\u2019\u00e9quipage. Suivent le pr\u00e9sident Rodrigo Chaves Robles, cela va de soi, le Costa Rica \u00e9tant co-organisateur de cette 3e Unoc\u2026 Mais aussi le premier ministre de la R\u00e9publique socialiste du Vietnam, Pham Minh Chinh.<\/p>\n<p>              <img ci-src=\"https:\/\/www.nicematin.com\/environnement\/protec\/DATA_ART_15680273-lWiQb36k.jpg?vh=bd14d4&amp;ci_seal=e790ef859e\" alt=\"\"\/><br \/>\n        Les pr\u00e9sidents fran\u00e7ais et costaricain, ainsi que le prince souverain de Monaco ont \u00e9chang\u00e9 pendant la travers\u00e9e avec trois scientifiques am\u00e9ricains de renom \u00ab\u00a0inquiets\u00a0\u00bb par les coupes budg\u00e9taires de l\u2019administration Trump. <strong>Jean Fran\u00e7ois Ottonello \/ Nice Matin.<\/strong> <\/p>\n<p>                                Trois scientifiques am\u00e9ricains en exil<\/p>\n<p>Tout le monde est \u00e0 bord. \u00ab\u00a0Les scientifiques peuvent venir\u00a0\u00bb, lance un conseiller. Ils sont au nombre de trois. Trois chercheurs am\u00e9ricains. Une sp\u00e9cialiste des observations oc\u00e9anographiques qui a travaill\u00e9 pour la commission intergouvernementale de l\u2019Unesco, Joanna Post, un climatologue jusque-l\u00e0 codirecteur du Columbia Earth networks, Joerg M. Schaefer, et un astrophysien de renomm\u00e9e mondiale, Kartik Sherth.<\/p>\n<p>Ce dernier donne imm\u00e9diatement le ton: \u00ab\u00a0Nous sommes tr\u00e8s inquiets par ce qu\u2019il se passe aux \u00c9tats-Unis\u00a0\u00bb, souffle-t-il en anglais au pr\u00e9sident fran\u00e7ais qui l\u2019\u00e9coute attentivement, carnet de notes en main. Ces trois Am\u00e9ricains confront\u00e9s aux coupes budg\u00e9taires de l\u2019administration Trump qui frappent de plein fouet le monde acad\u00e9mique sont pr\u00eats \u00e0 prendre au pied de la lettre le discours d\u2019Emmanuel Macron \u00e0 la sorbonne et son slogan \u00ab\u00a0Choose Europe for science\u00a0\u00bb: \u00ab\u00a0pour faire des sciences, choisissez l\u2019Europe\u00a0\u00bb.<\/p>\n<p>\u00ab\u00a0Reprendre le leadership\u00a0\u00bb abandonn\u00e9 par Trump<\/p>\n<p>              <img ci-src=\"https:\/\/www.nicematin.com\/environnement\/protec\/DATA_ART_15680270-pvUYZbvT.jpg?vh=902c06&amp;ci_seal=2452f0e58a\" alt=\"\"\/><br \/>\n        Le prince Albert II saluant l\u2019\u00e9quipage du Thalassa au d\u00e9part de Monaco ce dimanche. <strong>Jean Fran\u00e7ois Ottonello \/ Nice Matin.<\/strong> <\/p>\n<p>Et m\u00eame \u00ab\u00a0peut-\u00eatre l\u2019universit\u00e9 d\u2019Aix-Marseille\u00a0\u00bb pour ces trois-l\u00e0, croit savoir Maximilien Simon, le directeur adjoint de la flotte oc\u00e9anographique de l\u2019Ifremer. \u00c0 condition que la France ait les moyens de les accueillir non seulement eux, mais aussi leurs \u00e9quipes. L\u2019oc\u00e9anographe Joanna Post s\u2019en inqui\u00e8te ouvertement.<\/p>\n<p>Mais avant de parler de moyens, le ministre fran\u00e7ais de l\u2019Enseignement sup\u00e9rieur, Philippe Baptiste, a une question de fond: \u00ab\u00a0Puisqu\u2019il n\u2019y a plus de leadership c\u00f4t\u00e9 am\u00e9ricain, comment peut-on prendre le relais? Parce que c\u2019est notre job!\u00a0\u00bb Celui de la France, mais aussi du Costa Rica et de la Principaut\u00e9. Les trois chefs d\u2019\u00c9tat r\u00e9unis dans le carr\u00e9 du Thalassa semblent parfaitement align\u00e9s sur ces enjeux environnementaux.<\/p>\n<p>Mini-sommet \u00e0 bord pendant la parade<\/p>\n<p>La suite de la travers\u00e9e est plus\u2026 bilat\u00e9rale. Il se murmure que le pr\u00e9sident fran\u00e7ais et le chef du gouvernement vietnamien ont profit\u00e9 de cette travers\u00e9e pour avoir un entretien. L\u00e0-dessus pas de commentaire, en tout cas. Et pas de photo non plus du reste des convives qui rejoignent le pont sup\u00e9rieur du Thalassa alors que passe le cap Ferrat pour assister \u00e0 la parade maritime\u2026 Tenue malgr\u00e9 tout \u00e0 bonne distance.<\/p>\n<p>\u00ab\u00a0Contact! Contact!\u00a0\u00bb crache un talkie-walkie et imm\u00e9diatement un des semi-rigides qui encadrent \u00ab\u00a0Sea force 1\u00a0\u00bb met les gaz. \u00c0 son bord, les commandos du GIGN en treillis veillent \u00e0 la tranquillit\u00e9 de cette mini-croisi\u00e8re qui touche \u00e0 sa fin. Les lumi\u00e8res rouges du phare de Nice approchent et la menace arc-en-ciel s\u2019\u00e9loigne.<\/p>\n<p>Sur le quai du Commerce, toujours les m\u00eames enjeux mondiaux mais un nouveau comit\u00e9 d\u2019accueil attend Emmanuel Macron. Cette fois il y a le pr\u00e9fet des Alpes-Maritimes, Laurent Hottiaux, le ministre des Affaires \u00e9trang\u00e8res, Jean-No\u00ebl Barrot, le maire de Nice, Christian Estrosi, et le d\u00e9put\u00e9 de la premi\u00e8re circonscription, \u00c9ric Ciotti, l\u2019ancien secr\u00e9taire d\u2019\u00c9tat \u00e0 la Mer, Herv\u00e9 Berville\u2026 Le Pr\u00e9sident a un mot pour chacun jusqu\u2019au vice-amiral Didier Lallement, pr\u00e9fet maritime de la M\u00e9diterran\u00e9e, auquel Emmanuel Macron souffle avec un sourire \u00ab\u00a0d\u00e9sol\u00e9, on vous a un peu mis sous pression\u2026\u00a0\u00bb<\/p>\n<p>              <img ci-src=\"https:\/\/www.nicematin.com\/environnement\/protec\/DATA_ART_15680276-kEw7varK.jpg?vh=45e84a&amp;ci_seal=a3c291daa8\" alt=\"\"\/><br \/>\n        Emmanuel Macron accueilli par le maire de Nice Christian Estrosi tandis que la \u00ab\u00a0premi\u00e8re dame\u00a0\u00bb, Brigitte Macron est salu\u00e9e par le ministre des affaires \u00e9trang\u00e8res Jean-No\u00ebl Barrot <strong>Jean Fran\u00e7ois Ottonello \/ Nice Matin.<\/strong> <\/p>\n","protected":false},"excerpt":{"rendered":"Sea Force 1, le Thalassa, fleuron de la marine oc\u00e9anographique fran\u00e7aise, s\u2019est transform\u00e9, ce dimanche, en navire pr\u00e9sidentiel.&hellip;\n","protected":false},"author":2,"featured_media":161647,"comment_status":"","ping_status":"","sticky":false,"template":"","format":"standard","meta":{"footnotes":""},"categories":[2819],"tags":[1111,11,436,1777,674,1011,27,12,2401,882,25],"class_list":{"0":"post-161646","1":"post","2":"type-post","3":"status-publish","4":"format-standard","5":"has-post-thumbnail","7":"category-nice","8":"tag-actu","9":"tag-actualites","10":"tag-environnement","11":"tag-eu","12":"tag-europe","13":"tag-fr","14":"tag-france","15":"tag-news","16":"tag-nice","17":"tag-provence-alpes-cote-dazur","18":"tag-republique-francaise"},"share_on_mastodon":{"url":"https:\/\/pubeurope.com\/@fr\/114649505678891306","error":""},"_links":{"self":[{"href":"https:\/\/www.europesays.com\/fr\/wp-json\/wp\/v2\/posts\/161646","targetHints":{"allow":["GET"]}}],"collection":[{"href":"https:\/\/www.europesays.com\/fr\/wp-json\/wp\/v2\/posts"}],"about":[{"href":"https:\/\/www.europesays.com\/fr\/wp-json\/wp\/v2\/types\/post"}],"author":[{"embeddable":true,"href":"https:\/\/www.europesays.com\/fr\/wp-json\/wp\/v2\/users\/2"}],"replies":[{"embeddable":true,"href":"https:\/\/www.europesays.com\/fr\/wp-json\/wp\/v2\/comments?post=161646"}],"version-history":[{"count":0,"href":"https:\/\/www.europesays.com\/fr\/wp-json\/wp\/v2\/posts\/161646\/revisions"}],"wp:featuredmedia":[{"embeddable":true,"href":"https:\/\/www.europesays.com\/fr\/wp-json\/wp\/v2\/media\/161647"}],"wp:attachment":[{"href":"https:\/\/www.europesays.com\/fr\/wp-json\/wp\/v2\/media?parent=161646"}],"wp:term":[{"taxonomy":"category","embeddable":true,"href":"https:\/\/www.europesays.com\/fr\/wp-json\/wp\/v2\/categories?post=161646"},{"taxonomy":"post_tag","embeddable":true,"href":"https:\/\/www.europesays.com\/fr\/wp-json\/wp\/v2\/tags?post=161646"}],"curies":[{"name":"wp","href":"https:\/\/api.w.org\/{rel}","templated":true}]}}