{"id":161650,"date":"2025-06-08T19:57:17","date_gmt":"2025-06-08T19:57:17","guid":{"rendered":"https:\/\/www.europesays.com\/fr\/161650\/"},"modified":"2025-06-08T19:57:17","modified_gmt":"2025-06-08T19:57:17","slug":"dans-cette-commune-de-loire-atlantique-un-nouveau-service-postal-de-proximite-avec-des-horaires-etendus","status":"publish","type":"post","link":"https:\/\/www.europesays.com\/fr\/161650\/","title":{"rendered":"Dans cette commune de Loire-Atlantique, un nouveau service postal de proximit\u00e9 avec des horaires \u00e9tendus"},"content":{"rendered":"<p>            Par<br \/>\n        <strong><br \/>\n            <a href=\"https:\/\/actu.fr\/auteur\/journaliste-cp\" title=\"Consulter tous les articles de R\u00e9daction Courrier du Pays de Retz\" rel=\"nofollow noopener\" target=\"_blank\">R\u00e9daction Courrier du Pays de Retz<\/a><br \/>\n        <\/strong><\/p>\n<p>        Publi\u00e9 le<\/p>\n<p>            8 juin 2025 \u00e0 17h46        <\/p>\n<p>Depuis le mardi 3 juin 2025, les habitants de <a href=\"https:\/\/actu.fr\/pays-de-la-loire\/pont-saint-martin_44130\" rel=\"nofollow noopener\" target=\"_blank\">Pont Saint-Martin<\/a> (Loire-Atlantique) b\u00e9n\u00e9ficient d\u2019un <b>nouveau service postal de proximit\u00e9<\/b> au sein de l\u2019H\u00f4tel de ville, mis en place en partenariat avec La Poste.<\/p>\n<p class=\" wall-content\">Face \u00e0 la <b>menace de disparition<\/b> de ce service dans la commune, \u00ab nous avons souhait\u00e9 maintenir un service public de qualit\u00e9 au c\u0153ur de la commune \u00bb, souligne Yannick F\u00e9tiveau, le maire.<\/p>\n<p>L\u2019accueil de la mairie r\u00e9am\u00e9nag\u00e9<\/p>\n<p class=\" wall-content\">Le <b>r\u00e9am\u00e9nagement de l\u2019accueil de la mairie<\/b>, financ\u00e9 \u00e0 hauteur de 30 000 \u20ac par La Poste, permet l\u2019installation de cette nouvelle structure au rez-de-chauss\u00e9e dans des conditions optimales.<\/p>\n<p class=\" wall-content\">La convention sign\u00e9e avec La Poste pr\u00e9voit une participation \u00e0 hauteur de 1 200 \u20ac par mois pour le fonctionnement de l\u2019agence.<\/p>\n<p class=\" wall-content\">L\u2019\u00e9quipe a \u00e9t\u00e9 form\u00e9e en immersion au sein d\u2019autres agences postales communales et Sylvia Velay en est la r\u00e9f\u00e9rente sous la responsabilit\u00e9 de Nathalie Pancarte, directrice du p\u00f4le population et secr\u00e9tariat g\u00e9n\u00e9ral, qui a pilot\u00e9 la reprise du service postal en mairie.<\/p>\n<p>Un guichet unique<\/p>\n<p class=\" wall-content\">L\u2019agence postale proposera l\u2019ensemble des <b>op\u00e9rations postales<\/b> et Banque postale courantes ainsi que la vente de produits postaux.<\/p>\n<p>Vid\u00e9os : en ce moment sur Actu<\/p>\n<p class=\" wall-content\">Un <b>espace num\u00e9rique en libre acc\u00e8s<\/b> \u00e9quip\u00e9 d\u2019une tablette tactile permettra d\u2019effectuer des d\u00e9marches administratives en ligne aupr\u00e8s d\u2019organismes publics (CPAM, CAF, Finances publiques\u2026).<\/p>\n<p>Une ouverture \u00e9tendue<\/p>\n<p class=\" wall-content\">Avec ce transfert de comp\u00e9tences, l\u2019<b>ouverture aux clients est \u00e9tendue<\/b>, \u00ab plus que doubl\u00e9e \u00bb par rapport \u00e0 l\u2019ancien bureau de poste (29 h 45 contre 14 h), avec des horaires identiques \u00e0 ceux de la mairie.<\/p>\n<p>Ferm\u00e9e le samedi matin<\/p>\n<p class=\" wall-content\">Mais devant la difficult\u00e9 \u00e0 organiser l\u2019\u00e9quipe de cinq agentes, le choix a \u00e9t\u00e9 fait de <b>fermer l\u2019H\u00f4tel de ville<\/b> le samedi matin.<\/p>\n<blockquote class=\"ac-article-quote wall-content\">\n<p>Il faudra aller au bureau de poste des Sorini\u00e8res pour r\u00e9cup\u00e9rer ses colis.<\/p>\n<p>Cyril Fillet, d\u00e9l\u00e9gu\u00e9 territorial de La Poste<\/p><\/blockquote>\n<p class=\" wall-content\">Pour rappel, le service carte nationale d\u2019identit\u00e9 et passeport est \u00e9galement revenu en mairie depuis un an et demi.<\/p>\n<p>Lundi \u00e0 mercredi : 8 h 45 \u2013 12 h 15 et 13 h 45 \u2013 17 h. Jeudi : 8 h 45-12 h 15. Vendredi : 8 h 45 \u2013 12 h 15 et 13 h 45 \u2013 16 h 15. Fermeture l\u2019apr\u00e8s-midi pendant les vacances scolaires.<\/p>\n<p class=\" wall-content\">Suivez toute l\u2019actualit\u00e9 de vos villes et m\u00e9dias favoris en vous inscrivant \u00e0 <a href=\"https:\/\/moncompte.actu.fr\" title=\"D\u00e9couvez Mon Actu\" rel=\"nofollow noopener\" data-trk=\"{&quot;cta&quot;:{&quot;action&quot;:&quot;https:\\\/\\\/moncompte.actu.fr&quot;,&quot;category&quot;:&quot;mon compte&quot;,&quot;from&quot;:&quot;article footer&quot;,&quot;name&quot;:&quot;Mon actu&quot;,&quot;type&quot;:&quot;cta&quot;}}\" target=\"_blank\">Mon Actu<\/a>.<\/p>\n","protected":false},"excerpt":{"rendered":"Par R\u00e9daction Courrier du Pays de Retz Publi\u00e9 le 8 juin 2025 \u00e0 17h46 Depuis le mardi 3&hellip;\n","protected":false},"author":2,"featured_media":161651,"comment_status":"","ping_status":"","sticky":false,"template":"","format":"standard","meta":{"footnotes":""},"categories":[2818],"tags":[1111,11,1777,674,1011,27,3316,766,12,2636,25,104],"class_list":{"0":"post-161650","1":"post","2":"type-post","3":"status-publish","4":"format-standard","5":"has-post-thumbnail","7":"category-nantes","8":"tag-actu","9":"tag-actualites","10":"tag-eu","11":"tag-europe","12":"tag-fr","13":"tag-france","14":"tag-la-poste","15":"tag-nantes","16":"tag-news","17":"tag-pays-de-la-loire","18":"tag-republique-francaise","19":"tag-societe"},"share_on_mastodon":{"url":"https:\/\/pubeurope.com\/@fr\/114649513524649694","error":""},"_links":{"self":[{"href":"https:\/\/www.europesays.com\/fr\/wp-json\/wp\/v2\/posts\/161650","targetHints":{"allow":["GET"]}}],"collection":[{"href":"https:\/\/www.europesays.com\/fr\/wp-json\/wp\/v2\/posts"}],"about":[{"href":"https:\/\/www.europesays.com\/fr\/wp-json\/wp\/v2\/types\/post"}],"author":[{"embeddable":true,"href":"https:\/\/www.europesays.com\/fr\/wp-json\/wp\/v2\/users\/2"}],"replies":[{"embeddable":true,"href":"https:\/\/www.europesays.com\/fr\/wp-json\/wp\/v2\/comments?post=161650"}],"version-history":[{"count":0,"href":"https:\/\/www.europesays.com\/fr\/wp-json\/wp\/v2\/posts\/161650\/revisions"}],"wp:featuredmedia":[{"embeddable":true,"href":"https:\/\/www.europesays.com\/fr\/wp-json\/wp\/v2\/media\/161651"}],"wp:attachment":[{"href":"https:\/\/www.europesays.com\/fr\/wp-json\/wp\/v2\/media?parent=161650"}],"wp:term":[{"taxonomy":"category","embeddable":true,"href":"https:\/\/www.europesays.com\/fr\/wp-json\/wp\/v2\/categories?post=161650"},{"taxonomy":"post_tag","embeddable":true,"href":"https:\/\/www.europesays.com\/fr\/wp-json\/wp\/v2\/tags?post=161650"}],"curies":[{"name":"wp","href":"https:\/\/api.w.org\/{rel}","templated":true}]}}