{"id":161654,"date":"2025-06-08T19:59:29","date_gmt":"2025-06-08T19:59:29","guid":{"rendered":"https:\/\/www.europesays.com\/fr\/161654\/"},"modified":"2025-06-08T19:59:29","modified_gmt":"2025-06-08T19:59:29","slug":"cest-de-la-bonne-dette","status":"publish","type":"post","link":"https:\/\/www.europesays.com\/fr\/161654\/","title":{"rendered":"C&rsquo;est de la bonne dette"},"content":{"rendered":"<p>            Par<br \/>\n        <strong><br \/>\n            <a href=\"https:\/\/actu.fr\/auteur\/anaelle-montagne\" title=\"Consulter tous les articles de Anaelle Montagne\" target=\"_blank\" rel=\"noopener\">Anaelle Montagne<\/a><br \/>\n        <\/strong><\/p>\n<p>        Publi\u00e9 le<\/p>\n<p>            5 juin 2025 \u00e0 6h38        <\/p>\n<p>\u00ab\u00a0Bordeaux n\u2019a jamais autant investi qu\u2019en 2024\u00a0\u00bb, certifie l\u2019adjointe au maire en charge des finances Claudine Bichet. On veut bien la croire. <strong>142 millions d\u2019euros<\/strong> ont \u00e9t\u00e9 insuffl\u00e9s dans les \u00e9quipements publics l\u2019ann\u00e9e pass\u00e9e, comme le d\u00e9montre le bilan des politiques publiques. Il tient en un document, \u00ab\u00a0le rapport de transition \u00e9cologique et sociale\u00a0\u00bb, pr\u00e9sent\u00e9 mercredi 3 juin 2025 en conseil municipal.\u00a0<\/p>\n<p class=\" wall-content\">Le hic avec cet <strong>investissement record<\/strong>, c\u2019est qu\u2019il<strong> impacte la dette<\/strong>. L\u2019opposition, qui ne manque pas une occasion de d\u00e9zinguer la <a href=\"https:\/\/actu.fr\/tag\/ecologie\" target=\"_blank\" rel=\"noopener\">mairie \u00e9colo<\/a> en cette <a href=\"https:\/\/actu.fr\/tag\/municipales-2026\" target=\"_blank\" rel=\"noopener\">campagne municipale<\/a>, s\u2019en inqui\u00e8te.<\/p>\n<p>O\u00f9 vont ces dizaines de millions d\u2019euros ?\u00a0<\/p>\n<p class=\" wall-content\">Pour bien comprendre ce qui questionne le groupe Bordeaux Ensemble, il faut d\u2019abord saisir ce que cachent ces 142 millions d\u2019euros. Habituellement, la mairie \u00e9colo vise plut\u00f4t un investissement de 110 millions d\u2019euros par an. Mais elle explique qu\u2019il a fallu <strong>rattraper les chocs \u00e9conomiques<\/strong> de l\u2019ann\u00e9e pr\u00e9c\u00e9dente, c\u2019est \u00e0 dire \u00ab\u00a0la crise \u00e9nerg\u00e9tique, inflationniste, et le d\u00e9ficit de l\u2019\u00c9tat <a href=\"https:\/\/actu.fr\/nouvelle-aquitaine\/bordeaux_33063\/pierre-hurmic-accuse-de-transformer-la-mairie-de-bordeaux-en-panneau-d-affichage-du-nouveau-front-populaire_61825873.html\" target=\"_blank\" rel=\"noopener\">qui impacte les collectivit\u00e9s<\/a>\u00ab\u00a0.<\/p>\n<p class=\" wall-content\">Et puis ce<strong> budget record<\/strong> va vers des \u00ab\u00a0r\u00e9alisations majeures\u00a0\u00bb, insiste Claudine Bichet. Exemples : le groupe scolaire Thiers, <a href=\"https:\/\/actu.fr\/nouvelle-aquitaine\/bordeaux_33063\/a-bordeaux-cette-vaste-esplanade-a-meriadeck-entre-dans-une-grande-phase-de-travaux-voici-ce-qui-va-changer_61594397.html\" target=\"_blank\" rel=\"noopener\">l\u2019esplanade M\u00e9riadeck<\/a>, les cours buissonni\u00e8res (qui repr\u00e9sentent le plus gros investissement, pour 18 millions d\u2019euros), le <a href=\"https:\/\/actu.fr\/nouvelle-aquitaine\/bordeaux_33063\/un-nouveau-parc-avec-terrains-de-petanque-et-caniparc-verra-bientot-le-jour-aux-bassins-a-flot-a-bordeaux_61693991.html\" target=\"_blank\" rel=\"noopener\">parc \u00e0 l\u2019arri\u00e8re de la base sous-marine<\/a>, la r\u00e9novation de la <a href=\"https:\/\/actu.fr\/nouvelle-aquitaine\/bordeaux_33063\/fermee-depuis-un-an-et-demi-cette-piscine-de-bordeaux-voit-enfin-le-bout-des-travaux_61507143.html\" target=\"_blank\" rel=\"noopener\">piscine du Grand parc<\/a>\u00a0ou encore celle du <a href=\"https:\/\/actu.fr\/nouvelle-aquitaine\/bordeaux_33063\/le-madd-bordeaux-ferme-temporairement-pour-se-refaire-une-beaute_55933177.html\" target=\"_blank\" rel=\"noopener\">Mus\u00e9e des arts d\u00e9coratifs et du design<\/a>.\u00a0<\/p>\n<p class=\" wall-content\">Mais tout \u00e7a, c\u2019est principalement <strong>\u00ab\u00a0de la bonne dette et on la ma\u00eetrise\u00a0\u00bb<\/strong>, insiste l\u2019adjointe en charge de l\u2019administration Delphine Jamet. Que veut-elle dire par l\u00e0 ?\u00a0<\/p>\n<p>La bonne dette<\/p>\n<p class=\" wall-content\">\u00ab\u00a0C\u2019est de la bonne dette que d\u2019investir dans la r\u00e9novation \u00e9nerg\u00e9tique par exemple\u00a0\u00bb, pr\u00e9cise l\u2019\u00e9lue. Elle cite la<strong> hausse r\u00e9cente des prix de l\u2019\u00e9nergie<\/strong> : \u00ab\u00a0Heureusement qu\u2019on a enlev\u00e9 36% de gaz dans notre mix \u00e9nerg\u00e9tique (le m\u00e9lange d\u2019\u00e9nergies consomm\u00e9es par la municipalit\u00e9, ndlr). Et ce sera toujours \u00e7a de moins quand on aura une nouvelle inflation sur ces prix.\u00a0\u00bb<\/p>\n<p class=\" wall-content\">Pourtant, lors du conseil municipal, l\u2019\u00e9lu de Bordeaux Ensemble Marik Fetouh d\u00e9plorait entre autres la \u00ab\u00a0sant\u00e9 financi\u00e8re toute relative de Bordeaux\u00a0\u00bb, notamment en observant \u00ab\u00a0la <strong>d\u00e9gradation pr\u00e9occupante des ratios<\/strong>, en particulier sur l\u2019endettement\u00a0\u00bb.<\/p>\n<p>Un endettement qui explose<\/p>\n<p class=\" wall-content\">Marik Fetouh soutient que l\u2019encours de dette (le montant qui n\u2019a pas encore \u00e9t\u00e9 pay\u00e9) <strong>a progress\u00e9 de 23% en un an<\/strong> et de 72% sur la totalit\u00e9 du mandat.\u00a0<\/p>\n<p class=\" wall-content\">Au cours d\u2019une conf\u00e9rence de presse en amont du conseil municipal, l\u2019adjointe en charge des finances avait anticip\u00e9 ses attaques : \u00ab\u00a0On nous accuse<strong> d\u2019endetter la Ville<\/strong> de mani\u00e8re faramineuse, mais l\u2019important avec la dette, c\u2019est notre capacit\u00e9 \u00e0 la rembourser.\u00a0\u00bb<\/p>\n<p class=\" wall-content\">Et concr\u00e8tement, les chiffres d\u00e9montrent que la solvabilit\u00e9 de la Ville est <strong>loin d\u2019\u00eatre dans le rouge<\/strong>. Elle devrait pouvoir se d\u00e9sendetter totalement en 6,1 ans.<\/p>\n<p>\u00ab\u00a0La dette reste soutenable\u00a0\u00bb<\/p>\n<p class=\" wall-content\">Marik Fetouh note cependant qu\u2019en 2020, cette capacit\u00e9 de d\u00e9sendettement \u00e9tait de 4,1 ans. \u00ab\u00a0Si on n\u2019investit pas, on a de super ratios financiers, r\u00e9torque Claudine Bichet. L\u2019id\u00e9e ce n\u2019est pas \u00e7a. C\u2019est d\u2019agir, mais que \u00e7a reste <strong>soutenable<\/strong> pour la Ville, et c\u2019est le cas.\u00a0\u00bb<\/p>\n<p class=\" wall-content\">La Ville n\u2019en a pas fini de d\u00e9fendre son budget : elle risque de devoir r\u00e9pondre de ses choix devant le tribunal administratif de Bordeaux, apr\u00e8s <a href=\"https:\/\/actu.fr\/nouvelle-aquitaine\/bordeaux_33063\/du-jamais-vu-a-bordeaux-l-opposition-traine-la-mairie-en-justice-pour-tenter-de-faire-annuler-son-budget_62723265.html\" target=\"_blank\" rel=\"noopener\">le recours d\u00e9pos\u00e9 par Bordeaux Ensemble<\/a>.<\/p>\n<p class=\" wall-content\">Suivez toute l\u2019actualit\u00e9 de vos villes et m\u00e9dias favoris en vous inscrivant \u00e0 <a href=\"https:\/\/moncompte.actu.fr\" title=\"D\u00e9couvez Mon Actu\" rel=\"nofollow noopener\" data-trk=\"{&quot;cta&quot;:{&quot;action&quot;:&quot;https:\\\/\\\/moncompte.actu.fr&quot;,&quot;category&quot;:&quot;mon compte&quot;,&quot;from&quot;:&quot;article footer&quot;,&quot;name&quot;:&quot;Mon actu&quot;,&quot;type&quot;:&quot;cta&quot;}}\" target=\"_blank\">Mon Actu<\/a>.<\/p>\n","protected":false},"excerpt":{"rendered":"Par Anaelle Montagne Publi\u00e9 le 5 juin 2025 \u00e0 6h38 \u00ab\u00a0Bordeaux n\u2019a jamais autant investi qu\u2019en 2024\u00a0\u00bb, certifie&hellip;\n","protected":false},"author":2,"featured_media":161655,"comment_status":"","ping_status":"","sticky":false,"template":"","format":"standard","meta":{"footnotes":""},"categories":[2817],"tags":[1111,11,1997,1003,1777,674,7430,1011,27,12,2219,4860,316,25],"class_list":{"0":"post-161654","1":"post","2":"type-post","3":"status-publish","4":"format-standard","5":"has-post-thumbnail","7":"category-bordeaux","8":"tag-actu","9":"tag-actualites","10":"tag-bordeaux","11":"tag-budget","12":"tag-eu","13":"tag-europe","14":"tag-europe-ecologie-les-verts-eelv","15":"tag-fr","16":"tag-france","17":"tag-news","18":"tag-nouvelle-aquitaine","19":"tag-pierre-hurmic","20":"tag-politique","21":"tag-republique-francaise"},"share_on_mastodon":{"url":"https:\/\/pubeurope.com\/@fr\/114649521430204128","error":""},"_links":{"self":[{"href":"https:\/\/www.europesays.com\/fr\/wp-json\/wp\/v2\/posts\/161654","targetHints":{"allow":["GET"]}}],"collection":[{"href":"https:\/\/www.europesays.com\/fr\/wp-json\/wp\/v2\/posts"}],"about":[{"href":"https:\/\/www.europesays.com\/fr\/wp-json\/wp\/v2\/types\/post"}],"author":[{"embeddable":true,"href":"https:\/\/www.europesays.com\/fr\/wp-json\/wp\/v2\/users\/2"}],"replies":[{"embeddable":true,"href":"https:\/\/www.europesays.com\/fr\/wp-json\/wp\/v2\/comments?post=161654"}],"version-history":[{"count":0,"href":"https:\/\/www.europesays.com\/fr\/wp-json\/wp\/v2\/posts\/161654\/revisions"}],"wp:featuredmedia":[{"embeddable":true,"href":"https:\/\/www.europesays.com\/fr\/wp-json\/wp\/v2\/media\/161655"}],"wp:attachment":[{"href":"https:\/\/www.europesays.com\/fr\/wp-json\/wp\/v2\/media?parent=161654"}],"wp:term":[{"taxonomy":"category","embeddable":true,"href":"https:\/\/www.europesays.com\/fr\/wp-json\/wp\/v2\/categories?post=161654"},{"taxonomy":"post_tag","embeddable":true,"href":"https:\/\/www.europesays.com\/fr\/wp-json\/wp\/v2\/tags?post=161654"}],"curies":[{"name":"wp","href":"https:\/\/api.w.org\/{rel}","templated":true}]}}