{"id":161656,"date":"2025-06-08T20:00:23","date_gmt":"2025-06-08T20:00:23","guid":{"rendered":"https:\/\/www.europesays.com\/fr\/161656\/"},"modified":"2025-06-08T20:00:23","modified_gmt":"2025-06-08T20:00:23","slug":"girondins-les-feminines-montent-en-division-3-apres-leur-victoire-face-au-fc-annecy","status":"publish","type":"post","link":"https:\/\/www.europesays.com\/fr\/161656\/","title":{"rendered":"Girondins : les f\u00e9minines montent en Division 3 apr\u00e8s leur victoire face au FC Annecy"},"content":{"rendered":"<p><img decoding=\"async\" src=\"https:\/\/www.europesays.com\/fr\/wp-content\/uploads\/2025\/06\/671_119f47684c66259cee8c9d2ff2eec745.jpg\" alt=\"Girondins : les f\u00e9minines montent en Division 3 apr\u00e8s leur victoire face au FC Annecy\" class=\"img-responsive mt-3\"\/><\/p>\n<p class=\"text-center mb-3\" style=\"font-size: 14px\">\u00a9 Iconsport<\/p>\n<p>      <strong>Objetif atteint<\/strong><\/p>\n<p style=\"text-align: justify;\"><a href=\"https:\/\/www.webgirondins.com\/actualite-girondins-girondins-romain-vitry-on-va-a-annecy-pour-gagner-129345\" target=\"_blank\" rel=\"noopener\">Romain Vitry, l&rsquo;entraineur artisan de cette saison, l&rsquo;a dit au micro de WebGirondins avant le match<\/a> : \u00ab\u00a0On vient \u00e0 Annecy pour gagner\u00a0\u00bb.<\/p>\n<p style=\"text-align: justify;\">Son \u00e9quipe a tenu sa promesse ce dimanche au Parc des Sport 2 d&rsquo;Annecy avec ce succ\u00e8s 2 buts \u00e0 0. Les r\u00e9alisations sont sign\u00e9es Koko (27e), et Grondin ( 30e sp).<\/p>\n<p style=\"text-align: justify;\">Bordeaux a maitris\u00e9 son sujet sur ces deux matchs de barrage. Jamais Annecy n&rsquo;a fait douter Bordeaux lors de cette rencontre retour devant environ 200 personnes et une d\u00e9l\u00e9gation bordelaise.<\/p>\n<p style=\"text-align: justify;\">Cette mont\u00e9e r\u00e9compense le travail de l&rsquo;association Girondins de Bordeaux, du staff et des joueuses. La saison prochaine, Bordeaux jouera en Division 3.<\/p>\n<p style=\"text-align: justify;\">Il reste encore un rendez-vous et un troph\u00e9e \u00e0 aller chercher pour cette \u00e9quipe : la Coupe de Nouvelle-Aquitaine. Bordeaux affronte le Pau FC en finale dimanche 15 juin \u00e0 Montpon-M\u00e9nest\u00e9rol.<\/p>\n<p style=\"text-align: justify;\">&gt;&gt; <strong><a href=\"https:\/\/www.webgirondins.com\/live-girondins-direct-annecy-bordeaux-129356\" target=\"_blank\" rel=\"noopener\">Voir le fil du match Annecy-Bordeaux<\/a><\/strong><\/p>\n<p style=\"text-align: justify;\">Le 11 de d\u00e9part : Roubine, Graveleau, Herbert, Lardez(C), Meunier, Grondin, Koutassila, Istillart, Koko, Roux, Guellil<\/p>\n<p style=\"text-align: justify;\">Retrouvez notre <a href=\"https:\/\/www.youtube.com\/live\/La1cC9Ya3A4\" target=\"_blank\" rel=\"noopener\">\u00e9mission en direct et en duplex d&rsquo;Annecy<\/a> pour les r\u00e9actions des supporters :<\/p>\n<p>Ce navigateur ne supporte pas les iframes<\/p>\n<p>\u00a0<\/p>\n","protected":false},"excerpt":{"rendered":"\u00a9 Iconsport Objetif atteint Romain Vitry, l&rsquo;entraineur artisan de cette saison, l&rsquo;a dit au micro de WebGirondins avant&hellip;\n","protected":false},"author":2,"featured_media":161657,"comment_status":"","ping_status":"","sticky":false,"template":"","format":"standard","meta":{"footnotes":""},"categories":[2817],"tags":[1111,11,3853,150,1997,3477,8374,2263,1777,674,2823,21,4283,12300,1011,27,1987,3289,9370,12,2219,22569,471,14190,25,3242,17813,29402,1264],"class_list":{"0":"post-161656","1":"post","2":"type-post","3":"status-publish","4":"format-standard","5":"has-post-thumbnail","7":"category-bordeaux","8":"tag-actu","9":"tag-actualites","10":"tag-annecy","11":"tag-apres","12":"tag-bordeaux","13":"tag-cette","14":"tag-division","15":"tag-equipe","16":"tag-eu","17":"tag-europe","18":"tag-face","19":"tag-fait","20":"tag-feminine","21":"tag-feminines","22":"tag-fr","23":"tag-france","24":"tag-girondins","25":"tag-leur","26":"tag-montent","27":"tag-news","28":"tag-nouvelle-aquitaine","29":"tag-objectif","30":"tag-pour","31":"tag-regional","32":"tag-republique-francaise","33":"tag-saison","34":"tag-staff","35":"tag-valide","36":"tag-victoire"},"share_on_mastodon":{"url":"https:\/\/pubeurope.com\/@fr\/114649525536101037","error":""},"_links":{"self":[{"href":"https:\/\/www.europesays.com\/fr\/wp-json\/wp\/v2\/posts\/161656","targetHints":{"allow":["GET"]}}],"collection":[{"href":"https:\/\/www.europesays.com\/fr\/wp-json\/wp\/v2\/posts"}],"about":[{"href":"https:\/\/www.europesays.com\/fr\/wp-json\/wp\/v2\/types\/post"}],"author":[{"embeddable":true,"href":"https:\/\/www.europesays.com\/fr\/wp-json\/wp\/v2\/users\/2"}],"replies":[{"embeddable":true,"href":"https:\/\/www.europesays.com\/fr\/wp-json\/wp\/v2\/comments?post=161656"}],"version-history":[{"count":0,"href":"https:\/\/www.europesays.com\/fr\/wp-json\/wp\/v2\/posts\/161656\/revisions"}],"wp:featuredmedia":[{"embeddable":true,"href":"https:\/\/www.europesays.com\/fr\/wp-json\/wp\/v2\/media\/161657"}],"wp:attachment":[{"href":"https:\/\/www.europesays.com\/fr\/wp-json\/wp\/v2\/media?parent=161656"}],"wp:term":[{"taxonomy":"category","embeddable":true,"href":"https:\/\/www.europesays.com\/fr\/wp-json\/wp\/v2\/categories?post=161656"},{"taxonomy":"post_tag","embeddable":true,"href":"https:\/\/www.europesays.com\/fr\/wp-json\/wp\/v2\/tags?post=161656"}],"curies":[{"name":"wp","href":"https:\/\/api.w.org\/{rel}","templated":true}]}}