{"id":161666,"date":"2025-06-08T20:06:13","date_gmt":"2025-06-08T20:06:13","guid":{"rendered":"https:\/\/www.europesays.com\/fr\/161666\/"},"modified":"2025-06-08T20:06:13","modified_gmt":"2025-06-08T20:06:13","slug":"soprano-a-fait-visiter-marseille-a-ed-sheeran-et-ils-ont-evidemment-joue-a-la-petanque","status":"publish","type":"post","link":"https:\/\/www.europesays.com\/fr\/161666\/","title":{"rendered":"Soprano a fait visiter Marseille \u00e0 Ed Sheeran, et ils ont \u00e9videmment jou\u00e9 \u00e0 la p\u00e9tanque"},"content":{"rendered":"<p>MUSIQUE &#8211; La sc\u00e8ne a amus\u00e9 les fans et les habitants. Avant ses deux dates \u00e0 Marseille le vendredi\u00a06\u00a0et le samedi 7\u00a0juin, le chanteur <a href=\"https:\/\/fr.news.yahoo.com\/ed-sheeran-appris-persian-snap-072913358.html\" data-ylk=\"slk:Ed Sheran;elm:context_link;itc:0;sec:content-canvas;outcm:mb_qualified_link;_E:mb_qualified_link;ct:story;\" class=\"link  yahoo-link\" target=\"_blank\" rel=\"noopener\">Ed Sheran<\/a> s\u2019est pr\u00eat\u00e9 \u00e0 une visite touristique de la ville, guid\u00e9 par le rappeur marseillais <a href=\"https:\/\/fr.news.yahoo.com\/soprano-annonce-date-fin-carri%C3%A8re-191244356.html\" data-ylk=\"slk:Soprano;elm:context_link;itc:0;sec:content-canvas;outcm:mb_qualified_link;_E:mb_qualified_link;ct:story;\" class=\"link  yahoo-link\" target=\"_blank\" rel=\"noopener\">Soprano<\/a>. L\u2019occasion pour les deux artistes de partager une partie de p\u00e9tanque.<\/p>\n<p>Dans une vid\u00e9o post\u00e9e sur son compte Instagram samedi 7\u00a0juin, le chanteur britannique appara\u00eet aux c\u00f4t\u00e9s de Soprano, se baladant dans les rues de Marseille en tuk-tuk rose. Ils arpentent les quais du vieux port, la corniche Kennedy ou encore la Porte d\u2019Orient. Maillot de l\u2019OM sur le dos, Ed Sheran a ensuite particip\u00e9 \u00e0 une partie de p\u00e9tanque &#8211; sport embl\u00e9matique de Marseille &#8211; avec l\u2019ancien membre du groupe Psy4\u00a0de la rime.<\/p>\n<p><a href=\"https:\/\/fr.news.yahoo.com\/ed-sheeran-aid%C3%A9-club-football-204948792.html\" data-ylk=\"slk:Ed Sheeran a aid\u00e9 ce club de football anglais \u00e0 recruter un joueur;elm:context_link;itc:0;sec:content-canvas;outcm:mb_qualified_link;_E:mb_qualified_link;ct:story;\" class=\"link  yahoo-link\" target=\"_blank\" rel=\"noopener\"> Ed Sheeran a aid\u00e9 ce club de football anglais \u00e0 recruter un joueur <\/a><\/p>\n<p>\u00ab\u00a0C\u2019est Marseille b\u00e9b\u00e9\u00a0\u00bb, l\u00e2che la figure de la sc\u00e8ne rap marseillaise dans la vid\u00e9o, en r\u00e9f\u00e9rence au titre Bande organis\u00e9e. Sur Instagram, la publication cumule plus de 170\u00a0000\u00a0de likes.<\/p>\n<p>\u00ab\u00a0Marseille influence le monde\u00a0\u00bb<\/p>\n<p>Les images ont \u00e9galement \u00e9t\u00e9 partag\u00e9es par le maire de la ville. \u00ab\u00a0Marseille influence le monde\u00a0\u00bb, a \u00e9crit Beno\u00eet Payan sur X. \u00ab\u00a0Journ\u00e9e type dans la plus belle ville du monde\u00a0\u00bb, a appuy\u00e9 le compte de la ville en commentaire.<\/p>\n<p>Au-del\u00e0 de cette visite, les deux artistes ont partag\u00e9 la sc\u00e8ne du stade V\u00e9lodrome, puisqu\u2019Ed Sheran a invit\u00e9 Soprano a interpr\u00e9t\u00e9 son titre En feu.<\/p>\n<p>Apr\u00e8s cette \u00e9tape marseillaise, Ed Sheran se rendra \u00e0 Lille les 20\u00a0et 21\u00a0juin prochain pour une performance au Stade Pierre Mauroy.<\/p>\n<p><a href=\"https:\/\/fr.news.yahoo.com\/ed-sheeran-surpris-fans-venant-090529007.html\" data-ylk=\"slk:Ed Sheeran a surpris ses fans en venant enregistrer son nouvel album \u00ab\u00a0Autumn Variations\u00a0\u00bb dans leur salon;elm:context_link;itc:0;sec:content-canvas;outcm:mb_qualified_link;_E:mb_qualified_link;ct:story;\" class=\"link  yahoo-link\" target=\"_blank\" rel=\"noopener\"> Ed Sheeran a surpris ses fans en venant enregistrer son nouvel album \u00ab\u00a0Autumn Variations\u00a0\u00bb dans leur salon <\/a><\/p>\n<p><a href=\"https:\/\/fr.news.yahoo.com\/taylor-swift-invite-ed-sheeran-083401301.html\" data-ylk=\"slk:Taylor Swift invite Ed Sheeran pour son premier concert apr\u00e8s l\u2019attentat d\u00e9jou\u00e9 de Vienne;elm:context_link;itc:0;sec:content-canvas;outcm:mb_qualified_link;_E:mb_qualified_link;ct:story;\" class=\"link  yahoo-link\" target=\"_blank\" rel=\"noopener\"> Taylor Swift invite Ed Sheeran pour son premier concert apr\u00e8s l\u2019attentat d\u00e9jou\u00e9 de Vienne <\/a><\/p>\n","protected":false},"excerpt":{"rendered":"MUSIQUE &#8211; La sc\u00e8ne a amus\u00e9 les fans et les habitants. Avant ses deux dates \u00e0 Marseille le&hellip;\n","protected":false},"author":2,"featured_media":161667,"comment_status":"","ping_status":"","sticky":false,"template":"","format":"standard","meta":{"footnotes":""},"categories":[2814],"tags":[1111,11,29404,1777,674,1011,27,1913,884,12,6426,882,25,29405,29406,10826],"class_list":{"0":"post-161666","1":"post","2":"type-post","3":"status-publish","4":"format-standard","5":"has-post-thumbnail","7":"category-marseille","8":"tag-actu","9":"tag-actualites","10":"tag-ed-sheran","11":"tag-eu","12":"tag-europe","13":"tag-fr","14":"tag-france","15":"tag-la-ville","16":"tag-marseille","17":"tag-news","18":"tag-petanque","19":"tag-provence-alpes-cote-dazur","20":"tag-republique-francaise","21":"tag-rues-de-marseille","22":"tag-sheran","23":"tag-soprano"},"share_on_mastodon":{"url":"https:\/\/pubeurope.com\/@fr\/114649548958870664","error":""},"_links":{"self":[{"href":"https:\/\/www.europesays.com\/fr\/wp-json\/wp\/v2\/posts\/161666","targetHints":{"allow":["GET"]}}],"collection":[{"href":"https:\/\/www.europesays.com\/fr\/wp-json\/wp\/v2\/posts"}],"about":[{"href":"https:\/\/www.europesays.com\/fr\/wp-json\/wp\/v2\/types\/post"}],"author":[{"embeddable":true,"href":"https:\/\/www.europesays.com\/fr\/wp-json\/wp\/v2\/users\/2"}],"replies":[{"embeddable":true,"href":"https:\/\/www.europesays.com\/fr\/wp-json\/wp\/v2\/comments?post=161666"}],"version-history":[{"count":0,"href":"https:\/\/www.europesays.com\/fr\/wp-json\/wp\/v2\/posts\/161666\/revisions"}],"wp:featuredmedia":[{"embeddable":true,"href":"https:\/\/www.europesays.com\/fr\/wp-json\/wp\/v2\/media\/161667"}],"wp:attachment":[{"href":"https:\/\/www.europesays.com\/fr\/wp-json\/wp\/v2\/media?parent=161666"}],"wp:term":[{"taxonomy":"category","embeddable":true,"href":"https:\/\/www.europesays.com\/fr\/wp-json\/wp\/v2\/categories?post=161666"},{"taxonomy":"post_tag","embeddable":true,"href":"https:\/\/www.europesays.com\/fr\/wp-json\/wp\/v2\/tags?post=161666"}],"curies":[{"name":"wp","href":"https:\/\/api.w.org\/{rel}","templated":true}]}}