{"id":161668,"date":"2025-06-08T20:07:18","date_gmt":"2025-06-08T20:07:18","guid":{"rendered":"https:\/\/www.europesays.com\/fr\/161668\/"},"modified":"2025-06-08T20:07:18","modified_gmt":"2025-06-08T20:07:18","slug":"le-match-des-transports-pour-un-sejour-au-depart-de-lyon","status":"publish","type":"post","link":"https:\/\/www.europesays.com\/fr\/161668\/","title":{"rendered":"le match des transports pour un s\u00e9jour au d\u00e9part de Lyon"},"content":{"rendered":"<p>Pour pr\u00e9parer un voyage, la question se pose\u00a0: comment y aller\u00a0? Bus, train, avion, voiture\u00a0? La rapidit\u00e9, le budget ou l\u2019\u00e9cologie\u00a0? Il faudra faire des choix. Les donn\u00e9es sont prises lorsque nous \u00e9crivons cet article et les montants concernent un aller-retour pour une personne sur une m\u00eame date\u00a0: un aller le jeudi 26\u00a0juin et un retour le dimanche 29\u00a0juin. Trois destinations au choix pour vous faire une id\u00e9e des offres avec un d\u00e9part depuis Lyon.<\/p>\n<p>Lyon-Naples\u00a0: bus puis train, l\u2019avantage de l\u2019escale<\/p>\n<p>Quentin souhaite partir avec ses amis \u00e0 Naples. Un s\u00e9jour entre culture et gastronomie avec au programme\u00a0: visite du centre historique, excursions \u00e0 Pomp\u00e9i, Capri et une bonne pizza fritta, sp\u00e9cialit\u00e9 locale. En train, ce sera 340\u00a0euros par personne aller-retour via la compagnie italienne Trenitalia et il faudra \u00eatre patient\u00a0: 10\u00a0h pour atteindre Naples.<\/p>\n<p>En bus, compter 130\u00a0euros avec Flixbus,&#8230;<\/p>\n","protected":false},"excerpt":{"rendered":"Pour pr\u00e9parer un voyage, la question se pose\u00a0: comment y aller\u00a0? Bus, train, avion, voiture\u00a0? La rapidit\u00e9, le&hellip;\n","protected":false},"author":2,"featured_media":161669,"comment_status":"","ping_status":"","sticky":false,"template":"","format":"standard","meta":{"footnotes":""},"categories":[1889],"tags":[1111,11,2430,33,2757,1777,674,107,1011,27,2428,2756,12,25,2429,4604,3151,602,2803],"class_list":{"0":"post-161668","1":"post","2":"type-post","3":"status-publish","4":"format-standard","5":"has-post-thumbnail","7":"category-lyon","8":"tag-actu","9":"tag-actualites","10":"tag-auvergne-rhone-alpes","11":"tag-economie","12":"tag-edition-lyon-villeurbanne","13":"tag-eu","14":"tag-europe","15":"tag-fil-info","16":"tag-fr","17":"tag-france","18":"tag-lyon","19":"tag-lyon-bassin","20":"tag-news","21":"tag-republique-francaise","22":"tag-rhone","23":"tag-selection-abonne","24":"tag-selection-de-la-redaction-69","25":"tag-tourisme","26":"tag-transport"},"share_on_mastodon":{"url":"https:\/\/pubeurope.com\/@fr\/114649553064003632","error":""},"_links":{"self":[{"href":"https:\/\/www.europesays.com\/fr\/wp-json\/wp\/v2\/posts\/161668","targetHints":{"allow":["GET"]}}],"collection":[{"href":"https:\/\/www.europesays.com\/fr\/wp-json\/wp\/v2\/posts"}],"about":[{"href":"https:\/\/www.europesays.com\/fr\/wp-json\/wp\/v2\/types\/post"}],"author":[{"embeddable":true,"href":"https:\/\/www.europesays.com\/fr\/wp-json\/wp\/v2\/users\/2"}],"replies":[{"embeddable":true,"href":"https:\/\/www.europesays.com\/fr\/wp-json\/wp\/v2\/comments?post=161668"}],"version-history":[{"count":0,"href":"https:\/\/www.europesays.com\/fr\/wp-json\/wp\/v2\/posts\/161668\/revisions"}],"wp:featuredmedia":[{"embeddable":true,"href":"https:\/\/www.europesays.com\/fr\/wp-json\/wp\/v2\/media\/161669"}],"wp:attachment":[{"href":"https:\/\/www.europesays.com\/fr\/wp-json\/wp\/v2\/media?parent=161668"}],"wp:term":[{"taxonomy":"category","embeddable":true,"href":"https:\/\/www.europesays.com\/fr\/wp-json\/wp\/v2\/categories?post=161668"},{"taxonomy":"post_tag","embeddable":true,"href":"https:\/\/www.europesays.com\/fr\/wp-json\/wp\/v2\/tags?post=161668"}],"curies":[{"name":"wp","href":"https:\/\/api.w.org\/{rel}","templated":true}]}}