{"id":161670,"date":"2025-06-08T20:08:21","date_gmt":"2025-06-08T20:08:21","guid":{"rendered":"https:\/\/www.europesays.com\/fr\/161670\/"},"modified":"2025-06-08T20:08:21","modified_gmt":"2025-06-08T20:08:21","slug":"metropole-de-lyon-mosquee-eglise-et-synagogue-reliees-par-une-marche-de-sursaut-republicain-a-villeurbanne","status":"publish","type":"post","link":"https:\/\/www.europesays.com\/fr\/161670\/","title":{"rendered":"M\u00e9tropole de Lyon. Mosqu\u00e9e, \u00e9glise et synagogue reli\u00e9es par une marche de \u00ab sursaut r\u00e9publicain \u00bb \u00e0 Villeurbanne"},"content":{"rendered":"<p>\u00ab La France est une, et nous sommes toutes et tous des enfants de la patrie. \u00bb Avec beaucoup d\u2019\u00e9nergie, Nabil Bouslama, responsable de la mosqu\u00e9e Errahma de Villeurbanne, quartier des Gratte-ciel, veut \u00ab montrer ce qui se fait de bien. On est r\u00e9guli\u00e8rement en rencontre. Il y a souvent des choses qui se passent, et depuis longtemps. Pour sortir de ce cycle infernal de haine, on veut cette marche. \u00bb Il inclut dans ce \u00abon\u00bb ses voisine et voisin, la rabbine Daniela Touati de la synagogue Keren Or et le p\u00e8re Olivier de Gersigny de l\u2019\u00e9glise Sainte-Madeleine. Tous vont participer ce lundi \u00e0 une marche interconvictionnelle, \u00e0 Villeurbanne.<\/p>\n<p>  Montrer qu\u2019il y a plus de rencontres que de haine<\/p>\n<p>Cette initiative locale trouve sans aucun doute son origine dans les \u00e9v\u00e9nements r\u00e9cents qui ont bouscul\u00e9 l\u2019actualit\u00e9, dont un qui a touch\u00e9 la communaut\u00e9 villeurbannaise tr\u00e8s r\u00e9cemment. Lundi 2 juin au petit matin, juste avant l\u2019appel \u00e0 la pri\u00e8re, un homme s\u2019est introduit dans la mosqu\u00e9e Errahma pour y <a href=\"https:\/\/www.leprogres.fr\/faits-divers-justice\/2025\/06\/03\/un-coran-brule-dans-une-mosquee-de-villeurbanne-un-acte-islamophobe-d-une-lachete-revoltante\" target=\"_blank\" rel=\"noopener\">br\u00fbler un coran<\/a>.<\/p>\n<p>Ailleurs en France, deux hommes ont perdu la vie, assassin\u00e9s parce que musulmans : <a href=\"https:\/\/www.leprogres.fr\/politique\/2025\/04\/29\/place-bellecour-200-personnes-rassemblees-contre-l-islamophobie-en-memoire-d-aboubakar-cisse\" target=\"_blank\" rel=\"noopener\">Aboubacar Ciss\u00e9<\/a> , poignard\u00e9 dans une mosqu\u00e9e du Gard, le 25 avril et <a href=\"https:\/\/www.leprogres.fr\/faits-divers-justice\/2025\/06\/03\/victimes-suspect-videos-racistes-et-enquete-terroriste-ce-que-l-on-sait-du-meurtre-d-hichem-miraoui\" target=\"_blank\" rel=\"noopener\">Hichem Miraoui<\/a> , coiffeur dans le Var, abattu chez lui par un voisin. Le <a href=\"https:\/\/www.leprogres.fr\/faits-divers-justice\/2025\/06\/06\/neuilly-un-rabbin-agresse-a-coup-de-chaise-une-personne-en-garde-a-vue\" target=\"_blank\" rel=\"noopener\">rabbin Elie Lemmel agress\u00e9 deux fois<\/a> en l\u2019espace d\u2019une semaine dans les Hauts-de-Seine\u2026<\/p>\n<p>\u00ab Depuis janvier 2024, nous avons un groupe interreligieux \u00e0 Villeurbanne, on s\u2019est vu \u00e0 plusieurs reprises avec le maire, pour essayer d\u2019\u00e9viter cette violence, malheureusement elle n\u2019a fait qu\u2019augmenter. Nous faisons beaucoup de choses, des pique-niques avec nos jeunes, un \u00e9v\u00e9nement <a href=\"https:\/\/www.leprogres.fr\/societe\/2023\/04\/23\/villeurbanne-ils-ont-fete-pessah-et-la-fin-du-ramadan-ensemble-a-la-synagogue#PlugCommentsList2\" target=\"_blank\" rel=\"noopener\">autour de l\u2019\u00e9cologie<\/a> \u2026 La synagogue est ouverte r\u00e9guli\u00e8rement des \u00e9coles, coll\u00e8ges, lyc\u00e9es, universit\u00e9s mais il faut le faire beaucoup plus pour faire tomber les pr\u00e9jug\u00e9s \u00bb insiste <a href=\"https:\/\/www.leprogres.fr\/defense-guerre-conflit\/2023\/10\/21\/guerre-israel-hamas-on-va-devoir-vivre-avec-ca-longtemps\" target=\"_blank\" rel=\"noopener\">Daniela Touati<\/a>.<\/p>\n<p>\u00ab\u00a0 Un cri d&rsquo;alarme\u00a0\u00bb<\/p>\n<p>Pour elle, cette marche, \u00ab c\u2019est un cri d\u2019alarme, c\u2019est symbolique mais c\u2019est un travail de tous les jours. On peut avoir chacun des opinions diff\u00e9rentes sans s\u2019insulter, se frapper \u00bb. \u00ab On esp\u00e8re vraiment un sursaut citoyens \u00bb ajoute Nabil Bouslama.<\/p>\n<p>Le parcours de la marche n\u2019est pas anodin, il passera devant les trois \u00e9difices religieux et se terminera devant l\u2019h\u00f4tel-de-ville.<\/p>\n<p class=\"note\">Lundi 9 juin, d\u00e9part \u00e0 18 h 30 de la place Wilson \u00e0 Villeurbanne o\u00f9 se trouve l\u2019\u00e9glise Sainte-Madeleine, puis synagogue Keren Or et mosqu\u00e9e Errahma jusqu\u2019\u00e0 l\u2019h\u00f4tel-de-ville.<\/p>\n","protected":false},"excerpt":{"rendered":"\u00ab La France est une, et nous sommes toutes et tous des enfants de la patrie. \u00bb Avec&hellip;\n","protected":false},"author":2,"featured_media":161671,"comment_status":"","ping_status":"","sticky":false,"template":"","format":"standard","meta":{"footnotes":""},"categories":[1889],"tags":[1111,11,2430,2757,1777,674,274,107,1011,27,2428,12,316,5889,25,2429,801,104,6345,6346],"class_list":{"0":"post-161670","1":"post","2":"type-post","3":"status-publish","4":"format-standard","5":"has-post-thumbnail","7":"category-lyon","8":"tag-actu","9":"tag-actualites","10":"tag-auvergne-rhone-alpes","11":"tag-edition-lyon-villeurbanne","12":"tag-eu","13":"tag-europe","14":"tag-faits-divers-justice","15":"tag-fil-info","16":"tag-fr","17":"tag-france","18":"tag-lyon","19":"tag-news","20":"tag-politique","21":"tag-religion-croyance","22":"tag-republique-francaise","23":"tag-rhone","24":"tag-social","25":"tag-societe","26":"tag-villeurbanne","27":"tag-villeurbanne-bassin"},"share_on_mastodon":{"url":"https:\/\/pubeurope.com\/@fr\/114649556766538112","error":""},"_links":{"self":[{"href":"https:\/\/www.europesays.com\/fr\/wp-json\/wp\/v2\/posts\/161670","targetHints":{"allow":["GET"]}}],"collection":[{"href":"https:\/\/www.europesays.com\/fr\/wp-json\/wp\/v2\/posts"}],"about":[{"href":"https:\/\/www.europesays.com\/fr\/wp-json\/wp\/v2\/types\/post"}],"author":[{"embeddable":true,"href":"https:\/\/www.europesays.com\/fr\/wp-json\/wp\/v2\/users\/2"}],"replies":[{"embeddable":true,"href":"https:\/\/www.europesays.com\/fr\/wp-json\/wp\/v2\/comments?post=161670"}],"version-history":[{"count":0,"href":"https:\/\/www.europesays.com\/fr\/wp-json\/wp\/v2\/posts\/161670\/revisions"}],"wp:featuredmedia":[{"embeddable":true,"href":"https:\/\/www.europesays.com\/fr\/wp-json\/wp\/v2\/media\/161671"}],"wp:attachment":[{"href":"https:\/\/www.europesays.com\/fr\/wp-json\/wp\/v2\/media?parent=161670"}],"wp:term":[{"taxonomy":"category","embeddable":true,"href":"https:\/\/www.europesays.com\/fr\/wp-json\/wp\/v2\/categories?post=161670"},{"taxonomy":"post_tag","embeddable":true,"href":"https:\/\/www.europesays.com\/fr\/wp-json\/wp\/v2\/tags?post=161670"}],"curies":[{"name":"wp","href":"https:\/\/api.w.org\/{rel}","templated":true}]}}