{"id":161672,"date":"2025-06-08T20:10:15","date_gmt":"2025-06-08T20:10:15","guid":{"rendered":"https:\/\/www.europesays.com\/fr\/161672\/"},"modified":"2025-06-08T20:10:15","modified_gmt":"2025-06-08T20:10:15","slug":"mise-en-oeuvre-et-suivi-du-plan-canicule-en-ile-de-france","status":"publish","type":"post","link":"https:\/\/www.europesays.com\/fr\/161672\/","title":{"rendered":"Mise en oeuvre et suivi du plan \u201ccanicule\u201d en \u00cele-de-France"},"content":{"rendered":"<p>        Organisation de l\u2019Etat vis \u00e0 vis des vagues de chaleur\u00a0<\/p>\n<p>Chaque pr\u00e9fet de d\u00e9partement dispose d\u2019un volet sp\u00e9cifique \u00e0 la gestion sanitaire des vagues de chaleur dans son dispositif d\u2019organisation de la r\u00e9ponse de s\u00e9curit\u00e9 civile (ORSEC).<\/p>\n<p>Dans ce cadre, la \u00ab\u00a0veille saisonni\u00e8re\u00a0\u00bb est activ\u00e9e du 1er juin au 15 septembre et implique pour chaque acteur une vigilance accrue sur les risques pos\u00e9s par les fortes chaleurs.<\/p>\n<p>Les objectifs du dispositif<\/p>\n<ul>\n<li>anticiper l\u2019arriv\u00e9e d\u2019une canicule ;<\/li>\n<li>d\u00e9finir les actions \u00e0 mettre en \u0153uvre aux niveaux local et national pour pr\u00e9venir et limiter les effets sanitaires ;<\/li>\n<li>adapter au mieux les mesures de pr\u00e9vention et de gestion au niveau territorial, sous le pilotage du pr\u00e9fet, en portant une attention particuli\u00e8re aux populations vuln\u00e9rables<\/li>\n<\/ul>\n<p>Personnes vuln\u00e9rables<\/p>\n<p>Il s\u2019agit : <\/p>\n<ul>\n<li>des personnes fragiles (personnes dont l\u2019\u00e9tat de sant\u00e9, l\u2019\u00e9v\u00e8nement de vie, ou l\u2019\u00e2ge les rend plus \u00e0 risque) :\n<ul>\n<li>personnes \u00e2g\u00e9es ;<\/li>\n<li>femmes enceintes ;<\/li>\n<li>enfants en bas \u00e2ge (moins de 6 ans) ;<\/li>\n<li>personnes souffrant de maladies chroniques ;<\/li>\n<li>personnes prenant certains m\u00e9dicaments qui peuvent majorer les effets de la chaleur ou g\u00eaner l\u2019adaptation de l\u2019organisme ;<\/li>\n<li>personnes en situation de handicap.<\/li>\n<\/ul>\n<\/li>\n<li>des populations surexpos\u00e9es (personnes dont les conditions de vie ou de travail, le comportement ou l\u2019environnement les rend plus \u00e0 risque) :\n<ul>\n<li>personnes pr\u00e9caires, sans abri ; <\/li>\n<li>personnes vivant en squats, bidonvilles, campements, ou aires d\u2019accueil non \u00e9quip\u00e9es ; <\/li>\n<li>personnes vivant dans des conditions d\u2019isolement ; <\/li>\n<li>personnes vivant dans des logements mal isol\u00e9s thermiquement ; <\/li>\n<li>personnes vivant en milieu urbain dense, \u00e0 fortiori lorsqu\u2019il y existe des ilots de chaleur ; <\/li>\n<li>travailleurs expos\u00e9s \u00e0 la chaleur, \u00e0 l\u2019ext\u00e9rieur ou dans une ambiance chaude \u00e0 l\u2019int\u00e9rieur ; <\/li>\n<li>sportifs, notamment de plein air, ou en espaces clos et ferm\u00e9s mal ventil\u00e9s ou non climatis\u00e9s, dont les efforts physiques intenses et prolong\u00e9s les rendent vuln\u00e9rables \u00e0 la chaleur\u00a0<\/li>\n<li>populations expos\u00e9es \u00e0 des \u00e9pisodes de pollution de l\u2019air ambiant ; <\/li>\n<li>d\u00e9tenus.\n<p>Cependant, plus l\u2019intensit\u00e9 de la chaleur va augmenter, plus la part de la population concern\u00e9e va augmenter en raison de la fatigue sur les organismes. En cas de canicule extr\u00eame, tout le monde est concern\u00e9 m\u00eame lorsque l\u2019on est en bonne sant\u00e9.<\/p>\n<\/li>\n<\/ul>\n<\/li>\n<\/ul>\n<p>Les diff\u00e9rents niveaux d\u2019action du plan canicule<\/p>\n<p>Les mesures de pr\u00e9vention s\u2019articulent avec les 4 niveaux de vigilance m\u00e9t\u00e9orologique de M\u00e9t\u00e9o France :\u00a0<\/p>\n<ol>\n<li><strong>vigilance verte<\/strong> &#8211; veille saisonni\u00e8re activ\u00e9e du 1er juin au 15 septembre<\/li>\n<li><strong>vigilance jaune<\/strong> &#8211; avertissement chaleur<\/li>\n<li><strong>vigilance orange <\/strong>\u00a0&#8211; canicule<\/li>\n<li><strong>vigilance rouge<\/strong>\u00a0 &#8211; canicule extr\u00eame<\/li>\n<\/ol>\n<p>Suivre en direct les <a class=\"link-ext-icon\" href=\"https:\/\/meteofrance.com\/previsions-meteo-france\/ile-de-france\/3\" target=\"_blank\" data-xiti-name=\"pr\u00e9visions m\u00e9t\u00e9orologiques de M\u00e9t\u00e9o France pour l\u2019Ile-de-France\" data-xiti-chapitre1=\"Mise en oeuvre et suivi du plan \u201ccanicule\u201d en \u00cele-de-France\" data-xiti-type=\"exit\" rel=\"nofollow noopener\">pr\u00e9visions m\u00e9t\u00e9orologiques de M\u00e9t\u00e9o France pour l\u2019Ile-de-France<\/a><\/p>\n<p>Les grands axes de gestion<\/p>\n<ul>\n<li>La mise en \u0153uvre des mesures de protection des personnes vuln\u00e9rables\u00a0h\u00e9berg\u00e9es en institutions (\u00e9tablissements accueillant des personnes \u00e2g\u00e9es, \u00e9tablissements pour personnes handicap\u00e9es) ou hospitalis\u00e9es en \u00e9tablissements de sant\u00e9 ;<\/li>\n<li>Le rep\u00e9rage individuel des personnes vuln\u00e9rables, gr\u00e2ce au registre des personnes fragiles ou isol\u00e9es tenu par les communes ;<\/li>\n<li>L\u2019alerte, sur la base de l\u2019\u00e9valuation biom\u00e9t\u00e9orologique faite par M\u00e9t\u00e9o-France et Sant\u00e9 publique France ;<\/li>\n<li>La solidarit\u00e9 vis-\u00e0-vis des personnes vuln\u00e9rables, mise en \u0153uvre gr\u00e2ce au recensement et aux dispositifs de permanence estivale des services de soins et d\u2019aide \u00e0 domicile et des associations de b\u00e9n\u00e9voles ;<\/li>\n<li>Le dispositif d\u2019information et de communication, \u00e0 destination du grand public, des professionnels et des \u00e9tablissements de sant\u00e9.<\/li>\n<\/ul>\n<p>Le minist\u00e8re charg\u00e9 de la sant\u00e9 et Sant\u00e9 publique France diffusent des supports d\u2019information aupr\u00e8s du public local, notamment les personnes vuln\u00e9rables ainsi qu\u2019aux partenaires et relais (m\u00e9dias, associations, collectivit\u00e9s locales\u2026).<\/p>\n<p>En cas d\u2019alerte, <strong>chaque acteur peut se r\u00e9f\u00e9rer \u00e0 sa<\/strong> <strong>fiche action (accessibles en bas de page) <\/strong>contenue dans le disposition sp\u00e9cifique ORSEC gestion sanitaire des vagues de chaleur.<\/p>\n<p>Le r\u00f4le sp\u00e9cifique de l\u2019Agence vis \u00e0 vis du dispositif \u201ccanicule\u201d<\/p>\n<p>Le plan canicule pr\u00e9cise qu&rsquo;au regard de ses attributions propres en mati\u00e8re de pr\u00e9vention, de soins et de prise en charge m\u00e9dico-sociale, l&rsquo;ARS apporte son appui au pr\u00e9fet dans la mise en \u0153uvre du dispositif \u00abcanicule\u00bb.<\/p>\n<p>Pendant la p\u00e9riode estivale, l\u2019ARS Ile-de-France veille \u00e0<\/p>\n<ul>\n<li>la pr\u00e9paration et l\u2019alerte pr\u00e9coce des structures du champ sanitaire et m\u00e9dico-social ;\u00a0par l\u2019int\u00e9gration des mesures de gestion sp\u00e9cifiques dans les plans de gestion des tensions hospitali\u00e8res et situations sanitaires exceptionnelles et les plans bleus ;<\/li>\n<li>l\u2019organisation de la permanence des soins en m\u00e9decine ambulatoire dans les d\u00e9partements ;<\/li>\n<li>la programmation anticip\u00e9e et coordonn\u00e9e au niveau r\u00e9gional et au sein de chaque territoire de sant\u00e9, des capacit\u00e9s d\u2019hospitalisation et de leur adaptation en fonction des niveaux de vigilance ;<\/li>\n<li>la situation sanitaire des populations ;<\/li>\n<li>l\u2019appui des structures en cas de d\u00e9faillance technique<\/li>\n<\/ul>\n","protected":false},"excerpt":{"rendered":"Organisation de l\u2019Etat vis \u00e0 vis des vagues de chaleur\u00a0 Chaque pr\u00e9fet de d\u00e9partement dispose d\u2019un volet sp\u00e9cifique&hellip;\n","protected":false},"author":2,"featured_media":161673,"comment_status":"","ping_status":"","sticky":false,"template":"","format":"standard","meta":{"footnotes":""},"categories":[1592],"tags":[1111,11,6698,1777,674,1011,27,662,12,626,25],"class_list":{"0":"post-161672","1":"post","2":"type-post","3":"status-publish","4":"format-standard","5":"has-post-thumbnail","7":"category-ile-de-france","8":"tag-actu","9":"tag-actualites","10":"tag-canicule","11":"tag-eu","12":"tag-europe","13":"tag-fr","14":"tag-france","15":"tag-ile-de-france","16":"tag-news","17":"tag-paris","18":"tag-republique-francaise"},"share_on_mastodon":{"url":"https:\/\/pubeurope.com\/@fr\/114649564805259180","error":""},"_links":{"self":[{"href":"https:\/\/www.europesays.com\/fr\/wp-json\/wp\/v2\/posts\/161672","targetHints":{"allow":["GET"]}}],"collection":[{"href":"https:\/\/www.europesays.com\/fr\/wp-json\/wp\/v2\/posts"}],"about":[{"href":"https:\/\/www.europesays.com\/fr\/wp-json\/wp\/v2\/types\/post"}],"author":[{"embeddable":true,"href":"https:\/\/www.europesays.com\/fr\/wp-json\/wp\/v2\/users\/2"}],"replies":[{"embeddable":true,"href":"https:\/\/www.europesays.com\/fr\/wp-json\/wp\/v2\/comments?post=161672"}],"version-history":[{"count":0,"href":"https:\/\/www.europesays.com\/fr\/wp-json\/wp\/v2\/posts\/161672\/revisions"}],"wp:featuredmedia":[{"embeddable":true,"href":"https:\/\/www.europesays.com\/fr\/wp-json\/wp\/v2\/media\/161673"}],"wp:attachment":[{"href":"https:\/\/www.europesays.com\/fr\/wp-json\/wp\/v2\/media?parent=161672"}],"wp:term":[{"taxonomy":"category","embeddable":true,"href":"https:\/\/www.europesays.com\/fr\/wp-json\/wp\/v2\/categories?post=161672"},{"taxonomy":"post_tag","embeddable":true,"href":"https:\/\/www.europesays.com\/fr\/wp-json\/wp\/v2\/tags?post=161672"}],"curies":[{"name":"wp","href":"https:\/\/api.w.org\/{rel}","templated":true}]}}