{"id":161674,"date":"2025-06-08T20:11:13","date_gmt":"2025-06-08T20:11:13","guid":{"rendered":"https:\/\/www.europesays.com\/fr\/161674\/"},"modified":"2025-06-08T20:11:13","modified_gmt":"2025-06-08T20:11:13","slug":"roland-garros-2025-au-bout-dune-finale-epique-carlos-alcaraz-conserve-son-titre-a-paris","status":"publish","type":"post","link":"https:\/\/www.europesays.com\/fr\/161674\/","title":{"rendered":"Roland-Garros 2025 : au bout d&rsquo;une finale \u00e9pique, Carlos Alcaraz conserve son titre \u00e0 Paris"},"content":{"rendered":"<ul class=\"jsx-862013697 ArticleChapo__List\">\n<li class=\"jsx-862013697 ArticleChapo__List_Item flex\">Sacr\u00e9 l&rsquo;an dernier \u00e0 la porte d&rsquo;Auteuil, Carlos Alcaraz a d\u00fb sortir le grand jeu pour renverser Jannik Sinner, dimanche 8 juin, sur le court Philippe-Chatrier.<\/li>\n<li class=\"jsx-862013697 ArticleChapo__List_Item flex\">Men\u00e9 deux sets \u00e0 rien, l&rsquo;Espagnol de 22 ans a sauv\u00e9 trois balles de match pour finalement l&#8217;emporter au super tie-break (4-6, 6-7, 6-4, 7-6, 7-6).<\/li>\n<\/ul>\n<p data-module=\"article-paragraph\" class=\"jsx-3046738180 Paragraph\">4h42, c&rsquo;\u00e9tait la dur\u00e9e de la finale la plus longue de l&rsquo;histoire \u00e0 <a href=\"https:\/\/www.tf1info.fr\/actualite\/roland-garros-10797\/\" target=\"_blank\" rel=\"noopener\">Roland-Garros<\/a>. D\u00e9tenu depuis 1982 par Mats Wilander et Guillermo Vilas (1-6, 7-6, 6-0, 6-4), ce record a \u00e9t\u00e9 pulv\u00e9ris\u00e9 par Jannik Sinner et <a href=\"https:\/\/www.tf1info.fr\/actualite\/carlos-alcaraz-13688\/\" target=\"_blank\" rel=\"noopener\">Carlos Alcaraz<\/a> pour leur premi\u00e8re opposition en finale d&rsquo;un tournoi du Grand Chelem. <a href=\"https:\/\/www.tf1info.fr\/sport\/roland-garros-2025-grande-premiere-pour-coco-gauff-nouvelle-reine-de-la-terre-battue-parisienne-2375625.html\" target=\"_blank\" rel=\"noopener\">Au lendemain du sacre de Coco Gauff (nouvelle fen\u00eatre)<\/a>, il a fallu 5h29 d&rsquo;un combat l\u00e9gendaire pour sceller l&rsquo;issue de ce choc irr\u00e9el entre le num\u00e9ro 1 mondial italien face \u00e0 son dauphin espagnol.<\/p>\n<p data-module=\"article-paragraph\" class=\"jsx-3046738180 Paragraph Paragraph__End\">D&rsquo;<a href=\"https:\/\/x.com\/stanwawrinka\/status\/1931771997291434340\" target=\"_blank\">un \u00ab\u00a0niveau fou\u00a0\u00bb selon Stan Wawrinka (nouvelle fen\u00eatre)<\/a>, titr\u00e9 en 2015 sur la terre battue parisienne, cette finale porte d&rsquo;Auteuil a tourn\u00e9 \u00e0 l&rsquo;avantage de Carlos Alcaraz, <a href=\"https:\/\/www.tf1info.fr\/sport\/en-direct-finale-roland-garros-2024-suivez-le-match-alcaraz-zverev-forcement-historique-2303118.html\" target=\"_blank\" rel=\"noopener\">couronn\u00e9 \u00e0 Paris l&rsquo;an dernier<\/a>.\u00a0<\/p>\n<p>Trois balles de match sauv\u00e9es<\/p>\n<p data-module=\"article-paragraph\" class=\"jsx-3046738180 Paragraph Paragraph__End\">L&rsquo;<a href=\"https:\/\/www.tf1info.fr\/sport\/tennis-wimbledon-2023-heritier-du-big-3-carlos-alcaraz-a-pris-le-meilleur-de-novak-djokovic-rafael-nadal-et-roger-federer-2263871.html\" target=\"_blank\" rel=\"noopener\">h\u00e9ritier de Rafael Nadal<\/a>, d\u00e9sormais quintuple laur\u00e9at en Grand Chelem (US Open 2022, Wimbledon 2023 et 2024, Roland-Garros 2024 et 2025), a triomph\u00e9 de son a\u00een\u00e9, dimanche 8 juin, apr\u00e8s l&rsquo;avoir pouss\u00e9 au super tie-break. Alors que l&rsquo;Italien de 23 ans n&rsquo;avait pas conc\u00e9d\u00e9 le moindre set en chemin durant la quinzaine, \u00ab\u00a0Carlitos\u00a0\u00bb lui en a pris trois pour s&rsquo;imposer en cinq manches (4-6, 6-7, 6-4, 7-6, 7-6).<\/p>\n<blockquote data-testid=\"EmbedTwitter\" id=\"tweet-1931790701517578496-:R2dmij9n79m:\" class=\"jsx-aeff1a1c40f54d7a twitter-tweet flex justify-center items-center\"><p>A TWO-TIME ROLAND-GARROS CHAMPION CARLOS ALCARAZ  pic.twitter.com\/FAHK6gFi0Z \u2014 Roland-Garros (@rolandgarros)  June 8, 2025<\/p><\/blockquote>\n<p data-module=\"article-paragraph\" class=\"jsx-3046738180 Paragraph Paragraph__End\">Avant cette finale irrespirable, Carlos Alcaraz n&rsquo;\u00e9tait encore jamais parvenu \u00e0 gagner un match dont il avait perdu les deux premiers sets, <a href=\"https:\/\/x.com\/OptaAce\/status\/1931744719555412416\" target=\"_blank\">selon le statisticien Opta (nouvelle fen\u00eatre)<\/a>. Men\u00e9 5-3, 40-0 dans le 4\u1d49 set, il a r\u00e9ussi \u00e0 <a href=\"https:\/\/x.com\/OptaAce\/status\/1931787755211894984\" target=\"_blank\">\u00e9carter trois balles de match (nouvelle fen\u00eatre)<\/a> pour renverser Sinner, devenant le troisi\u00e8me joueur dans l&rsquo;\u00e8re Open vainqueur d&rsquo;un Grand Chelem \u00e0 avoir sauv\u00e9 au moins une balle de match apr\u00e8s Gaston Gaudio (Roland Garros 2004) et Novak Djokovic (Wimbledon 2019).<\/p>\n<p><a href=\"https:\/\/www.tf1info.fr\/sport\/roland-garros-2025-prize-money-gains-combien-vont-gagner-les-vainqueurs-et-les-autres-participants-du-tournoi-parisien-2372484.html\" rel=\"noopener\" class=\"jsx-3308031228 Link flex\" target=\"_blank\"><img decoding=\"async\" src=\"https:\/\/www.europesays.com\/fr\/wp-content\/uploads\/2025\/06\/carlos-alcaraz-roland-garros-2024-117195-0@1x.jpeg\" alt=\"Carlos Alcaraz vainqueur de l'\u00e9dition 2024 de Roland-Garros.\" loading=\"lazy\" importance=\"low\" fetchpriority=\"low\" class=\"\"\/><\/p>\n<p class=\"jsx-3657663356 ReadMoreArticle__Title\">Lire aussi<\/p>\n<p class=\"jsx-3657663356\">Roland-Garros 2025 : combien vont gagner les vainqueurs du tournoi parisien ?<\/p>\n<p><\/a><\/p>\n<p data-module=\"article-paragraph\" class=\"jsx-3046738180 Paragraph\">D\u00e9break\u00e9 dans le 5\u1d49 set alors qu&rsquo;il servait \u00e0 son tour pour le match \u00e0 5-4, la t\u00eate de s\u00e9rie num\u00e9ro 2 a \u00f4t\u00e9 la coupe des Mousquetaires des mains de Jannik Sinner en survolant le super tie-break (10-2). En infligeant \u00e0 l&rsquo;Italien sa premi\u00e8re d\u00e9faite en finale d&rsquo;un Majeur au num\u00e9ro 1 mondial, qui n&rsquo;a jamais remport\u00e9 un match de plus de 4 heures (8 d\u00e9faites), Carlos Alcaraz poursuit lui son improbable s\u00e9rie de <a href=\"https:\/\/x.com\/OptaAce\/status\/1931787792482173013\" target=\"_blank\">cinq victoires en autant de finales (nouvelle fen\u00eatre)<\/a> disput\u00e9es en Grand Chelem.<\/p>\n<p data-module=\"article-paragraph\" class=\"jsx-3046738180 Paragraph Paragraph__End\">Mais, plus que le double sacre du Murcien, cette finale d&rsquo;un niveau stratosph\u00e9rique, la premi\u00e8re en Grand Chelem entre deux joueurs n\u00e9s au XXI\u1d49 si\u00e8cle, acte une nouvelle rivalit\u00e9 sur le circuit masculin. Apr\u00e8s le temps des g\u00e9ants Federer-Nadal-Djokovic, l&rsquo;antagonisme Sinner-Alcaraz est promis \u00e0 durer.\u00a0<\/p>\n<p>Yohan ROBLIN<\/p>\n<p><script async src=\"https:\/\/platform.twitter.com\/widgets.js\" charset=\"utf-8\"><\/script><\/p>\n","protected":false},"excerpt":{"rendered":"Sacr\u00e9 l&rsquo;an dernier \u00e0 la porte d&rsquo;Auteuil, Carlos Alcaraz a d\u00fb sortir le grand jeu pour renverser Jannik&hellip;\n","protected":false},"author":2,"featured_media":161675,"comment_status":"","ping_status":"","sticky":false,"template":"","format":"standard","meta":{"footnotes":""},"categories":[1888],"tags":[1111,1928,11,1927,1921,7779,1777,674,1011,27,1922,12,1926,626,1925,25,4171,1467,133,4712],"class_list":{"0":"post-161674","1":"post","2":"type-post","3":"status-publish","4":"format-standard","5":"has-post-thumbnail","7":"category-paris","8":"tag-actu","9":"tag-actu-paris","10":"tag-actualites","11":"tag-actualites-paris","12":"tag-article-video","13":"tag-carlos-alcaraz","14":"tag-eu","15":"tag-europe","16":"tag-fr","17":"tag-france","18":"tag-info","19":"tag-news","20":"tag-news-paris","21":"tag-paris","22":"tag-paris-news","23":"tag-republique-francaise","24":"tag-roland-garros","25":"tag-tennis","26":"tag-video","27":"tag-video-sports"},"share_on_mastodon":{"url":"https:\/\/pubeurope.com\/@fr\/114649568621723087","error":""},"_links":{"self":[{"href":"https:\/\/www.europesays.com\/fr\/wp-json\/wp\/v2\/posts\/161674","targetHints":{"allow":["GET"]}}],"collection":[{"href":"https:\/\/www.europesays.com\/fr\/wp-json\/wp\/v2\/posts"}],"about":[{"href":"https:\/\/www.europesays.com\/fr\/wp-json\/wp\/v2\/types\/post"}],"author":[{"embeddable":true,"href":"https:\/\/www.europesays.com\/fr\/wp-json\/wp\/v2\/users\/2"}],"replies":[{"embeddable":true,"href":"https:\/\/www.europesays.com\/fr\/wp-json\/wp\/v2\/comments?post=161674"}],"version-history":[{"count":0,"href":"https:\/\/www.europesays.com\/fr\/wp-json\/wp\/v2\/posts\/161674\/revisions"}],"wp:featuredmedia":[{"embeddable":true,"href":"https:\/\/www.europesays.com\/fr\/wp-json\/wp\/v2\/media\/161675"}],"wp:attachment":[{"href":"https:\/\/www.europesays.com\/fr\/wp-json\/wp\/v2\/media?parent=161674"}],"wp:term":[{"taxonomy":"category","embeddable":true,"href":"https:\/\/www.europesays.com\/fr\/wp-json\/wp\/v2\/categories?post=161674"},{"taxonomy":"post_tag","embeddable":true,"href":"https:\/\/www.europesays.com\/fr\/wp-json\/wp\/v2\/tags?post=161674"}],"curies":[{"name":"wp","href":"https:\/\/api.w.org\/{rel}","templated":true}]}}