{"id":161676,"date":"2025-06-08T20:12:15","date_gmt":"2025-06-08T20:12:15","guid":{"rendered":"https:\/\/www.europesays.com\/fr\/161676\/"},"modified":"2025-06-08T20:12:15","modified_gmt":"2025-06-08T20:12:15","slug":"comment-bercy-veut-remettre-de-lordre-dans-le-maquis-des-agences-et-operateurs-de-letat","status":"publish","type":"post","link":"https:\/\/www.europesays.com\/fr\/161676\/","title":{"rendered":"Comment Bercy veut remettre de l\u2019ordre dans le maquis des agences et op\u00e9rateurs de l\u2019\u00c9tat"},"content":{"rendered":"<p>La ministre Am\u00e9lie de\u00a0Montchalin souhaite \u00ab\u00a0fusionner ou supprimer\u00a0\u00bb jusqu\u2019\u00e0 un tiers de ces organismes charg\u00e9s de missions de service public, et esp\u00e8re g\u00e9n\u00e9rer de 2 \u00e0 3\u00a0milliards d\u2019euros d\u2019\u00e9conomies d\u2019ici 2027.<\/p>\n<p class=\"fig-paragraph\">Ce n\u2019est pas la tron\u00e7onneuse, mais un bon coup de s\u00e9cateur qui se profile pour\u00a0<a href=\"http:\/\/www.lefigaro.fr\/conjoncture\/pierre-danon-on-pourrait-economiser-14-5-milliards-d-euros-chez-les-operateurs-de-l-etat-20250426\" data-fig-type=\"Article\" data-gtm-custom-categorie=\"navigation\" data-gtm-custom-action=\"crossclick\" data-gtm-custom-label=\"Contextuel\" data-gtm-event=\"customEventSPE\" data-fig-domain=\"LEFIGARO\" target=\"_blank\" rel=\"noopener\">les agences et op\u00e9rateurs de l\u2019\u00c9ta<\/a>t. Ces organes charg\u00e9s de missions de service public pour le compte de l\u2019\u00c9tat ont \u00e9t\u00e9 d\u00e9sign\u00e9s par Michel Barnier, puis par son successeur \u00e0 Matignon, Fran\u00e7ois Bayrou,\u00a0<a href=\"http:\/\/www.lefigaro.fr\/conjoncture\/pourquoi-la-chasse-aux-economies-dans-les-1000-agences-et-organes-de-l-etat-s-annonce-difficile-20250317\" data-fig-type=\"Article\" data-gtm-custom-categorie=\"navigation\" data-gtm-custom-action=\"crossclick\" data-gtm-custom-label=\"Contextuel\" data-gtm-event=\"customEventSPE\" data-fig-domain=\"LEFIGARO\" target=\"_blank\" rel=\"noopener\">comme un important gisement d\u2019\u00e9conomies potentielles<\/a>. Fin avril, la ministre des Comptes publics, Am\u00e9lie de\u00a0Montchalin, a annonc\u00e9 qu\u2019un tiers d\u2019entre eux allaient \u00eatre \u00ab\u00a0fusionn\u00e9s ou supprim\u00e9s\u00a0\u00bb d\u2019ici \u00e0 la fin de l\u2019ann\u00e9e, hors universit\u00e9s et mus\u00e9es. \u00c0 la cl\u00e9, selon Bercy\u00a0: 2 \u00e0 3\u00a0milliards d\u2019\u00e9conomies d\u2019ici 2027. Beaucoup et pas assez en m\u00eame temps, au regard des 40\u00a0milliards d\u2019euros d\u2019\u00e9conomies vis\u00e9s en 2026. Et bien que le ministre de l\u2019\u00c9conomie,\u00a0<a href=\"http:\/\/www.lefigaro.fr\/conjoncture\/budget-2026-eric-lombard-ecarte-toute-hausse-generalisee-des-impots-20250605\" data-fig-type=\"NewsFlash\" data-gtm-custom-categorie=\"navigation\" data-gtm-custom-action=\"crossclick\" data-gtm-custom-label=\"Contextuel\" data-gtm-event=\"customEventSPE\" data-fig-domain=\"LEFIGARO\" target=\"_blank\" rel=\"noopener\">\u00c9ric Lombard<\/a>, ait l\u00e2ch\u00e9 jeudi matin sur France\u00a02 que cela lui paraissait \u00ab\u00a0\u00e9lev\u00e9\u00a0\u00bb, Am\u00e9lie de\u00a0Montchalin a confirm\u00e9 son objectif dimanche dans une interview au JDD.<\/p>\n<p class=\"fig-paragraph\">Rappelons que le nombre de ces entit\u00e9s est lui-m\u00eame sujet \u00e0 incertitude. Elles seraient \u00ab\u00a0plus\u2026<\/p>\n<p class=\"fig-premium-paywall__infos\">\n        Cet article est r\u00e9serv\u00e9 aux abonn\u00e9s.        Il vous reste 83% \u00e0 d\u00e9couvrir.\n    <\/p>\n<p>                <img  data- alt=\"Le Figaro\" class=\"fig-img--complete fig-img\"\/><\/p>\n<p class=\"fig-premium-paywall__title\">Vente Flash<\/p>\n<p class=\"fig-premium-paywall__subtitle\">3,99\u20ac par mois pendant 12 mois. Sans engagement.<\/p>\n<p class=\"fig-premium-paywall__connect\">\n                D\u00e9j\u00e0 abonn\u00e9\u00a0?                <a class=\"fig-premium-paywall__connect-link\" href=\"https:\/\/connect.lefigaro.fr\/login?client=horizon_web&amp;type=main&amp;redirect_uri=https%3A%2F%2Fwww.lefigaro.fr%2Fconjoncture%2Fcomment-bercy-veut-remettre-de-l-ordre-dans-le-maquis-des-agences-et-operateurs-de-l-etat-20250608\" data-js-gtm=\"{&quot;customCategorie&quot;: &quot;conversion&quot;, &quot;customAction&quot;: &quot;before_Landing_Connexion_paywall_auto&quot;, &quot;customLabel&quot;: &quot;bGVmaWdhcm8uZnJfXzFmMDQyMTkyLTNhMmEtNjNlZS1iOTlkLTVmMGU3MjBiNWYxM19fQXJ0aWNsZQ==_Comment Bercy veut remettre de l\u2019ordre dans le maquis des agences et op\u00e9rateurs de l\u2019\u00c9tat_88&quot;, &quot;customIDSPE&quot;: &quot;bGVmaWdhcm8uZnJfXzFmMDQyMTkyLTNhMmEtNjNlZS1iOTlkLTVmMGU3MjBiNWYxM19fQXJ0aWNsZQ==&quot;, &quot;event&quot;: &quot;customEventSPE&quot;}\" target=\"_blank\" rel=\"noopener\"><br \/>\n                    Connectez-vous<br \/>\n                <\/a>\n            <\/p>\n","protected":false},"excerpt":{"rendered":"La ministre Am\u00e9lie de\u00a0Montchalin souhaite \u00ab\u00a0fusionner ou supprimer\u00a0\u00bb jusqu\u2019\u00e0 un tiers de ces organismes charg\u00e9s de missions de&hellip;\n","protected":false},"author":2,"featured_media":161677,"comment_status":"","ping_status":"","sticky":false,"template":"","format":"standard","meta":{"footnotes":""},"categories":[1888],"tags":[1111,1928,339,11,1927,13850,340,343,345,350,130,344,352,349,33,341,313,1777,674,1011,27,346,342,353,351,347,12,1926,626,1925,348,25,354],"class_list":{"0":"post-161676","1":"post","2":"type-post","3":"status-publish","4":"format-standard","5":"has-post-thumbnail","7":"category-paris","8":"tag-actu","9":"tag-actu-paris","10":"tag-actualite-economique","11":"tag-actualites","12":"tag-actualites-paris","13":"tag-amelie-de-montchalin","14":"tag-bourse","15":"tag-cac-40","16":"tag-chef-dentreprise","17":"tag-concurrence","18":"tag-consommation","19":"tag-creation-dentreprise","20":"tag-crise","21":"tag-delocalisations","22":"tag-economie","23":"tag-emploi","24":"tag-entreprises","25":"tag-eu","26":"tag-europe","27":"tag-fr","28":"tag-france","29":"tag-grands-patrons","30":"tag-impots","31":"tag-licenciements","32":"tag-monopole","33":"tag-multinationales","34":"tag-news","35":"tag-news-paris","36":"tag-paris","37":"tag-paris-news","38":"tag-privatisation","39":"tag-republique-francaise","40":"tag-unio"},"share_on_mastodon":{"url":"","error":"Validation failed: Text character limit of 500 exceeded"},"_links":{"self":[{"href":"https:\/\/www.europesays.com\/fr\/wp-json\/wp\/v2\/posts\/161676","targetHints":{"allow":["GET"]}}],"collection":[{"href":"https:\/\/www.europesays.com\/fr\/wp-json\/wp\/v2\/posts"}],"about":[{"href":"https:\/\/www.europesays.com\/fr\/wp-json\/wp\/v2\/types\/post"}],"author":[{"embeddable":true,"href":"https:\/\/www.europesays.com\/fr\/wp-json\/wp\/v2\/users\/2"}],"replies":[{"embeddable":true,"href":"https:\/\/www.europesays.com\/fr\/wp-json\/wp\/v2\/comments?post=161676"}],"version-history":[{"count":0,"href":"https:\/\/www.europesays.com\/fr\/wp-json\/wp\/v2\/posts\/161676\/revisions"}],"wp:featuredmedia":[{"embeddable":true,"href":"https:\/\/www.europesays.com\/fr\/wp-json\/wp\/v2\/media\/161677"}],"wp:attachment":[{"href":"https:\/\/www.europesays.com\/fr\/wp-json\/wp\/v2\/media?parent=161676"}],"wp:term":[{"taxonomy":"category","embeddable":true,"href":"https:\/\/www.europesays.com\/fr\/wp-json\/wp\/v2\/categories?post=161676"},{"taxonomy":"post_tag","embeddable":true,"href":"https:\/\/www.europesays.com\/fr\/wp-json\/wp\/v2\/tags?post=161676"}],"curies":[{"name":"wp","href":"https:\/\/api.w.org\/{rel}","templated":true}]}}