{"id":161678,"date":"2025-06-08T20:13:13","date_gmt":"2025-06-08T20:13:13","guid":{"rendered":"https:\/\/www.europesays.com\/fr\/161678\/"},"modified":"2025-06-08T20:13:13","modified_gmt":"2025-06-08T20:13:13","slug":"paris-la-haute-couture-met-en-lumiere-les-arts-decoratifs-au-musee-du-louvre","status":"publish","type":"post","link":"https:\/\/www.europesays.com\/fr\/161678\/","title":{"rendered":"Paris\u00a0: la haute couture met en lumi\u00e8re les arts d\u00e9coratifs au mus\u00e9e du Louvre"},"content":{"rendered":"<p>Un escarpin Louboutin entre deux porcelaines, des robes de bal dans les appartements Napol\u00e9on III\u2026 Jusqu\u2019au 24 ao\u00fbt 2025, les plus \u00e9tonnantes tenues Dior, Saint Laurent, Chanel, Dolce&amp;Gabbana et autres griffes de haute couture se mettent en sc\u00e8ne au coeur des collections d\u2019arts d\u00e9coratifs du mus\u00e9e du Louvre, traversant les styles et les \u00e9poques.  Coup d\u2019\u0153il.<\/p>\n<p>\u201cUn dialogue subtil et juste entre des cr\u00e9ations depuis les ann\u00e9es 60 jusqu\u2019\u00e0 aujourd\u2019hui et les collections du d\u00e9partement des objets d\u2019art qui rappellent ce lien tr\u00e8s fort entre l\u2019art et les cr\u00e9ateurs\u201d, d\u00e9fend Laurence Des Cars, la pr\u00e9sidente-directrice du mus\u00e9e. \u201c\u00c7a dit le coeur de notre ambition g\u00e9n\u00e9rale en terme de programmation, qui est de proposer constamment une relecture des collections du Louvre \u00e0 de nouvelles g\u00e9n\u00e9rations de visiteurs qui ont d\u2019autres r\u00e9f\u00e9rences culturelles\u201d.<\/p>\n<p><a href=\"https:\/\/94.citoyens.com\/wp-content\/blogs.dir\/2\/files\/2025\/06\/louvre-couture-2025-cd-5-scaled.jpg\" target=\"_blank\" rel=\"noopener\">\u00a9 CD<img fetchpriority=\"high\" decoding=\"async\" width=\"1024\" height=\"577\" src=\"https:\/\/www.europesays.com\/fr\/wp-content\/uploads\/2025\/06\/louvre-couture-2025-cd-5-1024x577.jpg\" alt=\"\" class=\"wp-image-346560\"  \/><\/a><\/p>\n<p>Intitul\u00e9e \u201cLouvre Couture\u201d, l\u2019exposition comprend une centaine de pi\u00e8ces de \u201c45 cr\u00e9ateurs, de maisons anciennes et de plus jeunes cr\u00e9ateurs\u201d, d\u00e9roule Olivier Gabet, directeur du d\u00e9partement des objets d\u2019art du Louvre et commissaire de l\u2019\u00e9v\u00e9nement, assist\u00e9 de Marie Brimicombe.<\/p>\n<p><a href=\"https:\/\/94.citoyens.com\/wp-content\/blogs.dir\/2\/files\/2025\/06\/louvre-couture-2025-cd-15-scaled.jpg\" target=\"_blank\" rel=\"noopener\"><img loading=\"lazy\" decoding=\"async\" width=\"1024\" height=\"577\" src=\"https:\/\/www.europesays.com\/fr\/wp-content\/uploads\/2025\/06\/louvre-couture-2025-cd-15-1024x577.jpg\" alt=\"\" class=\"wp-image-346559\"  \/><\/a>\u201cNous avons choisi de le faire de fa\u00e7on sp\u00e9cifique dans le d\u00e9partement des objets d\u2019art\u201d<\/p>\n<p>\u201cCe n\u2019est pas un projet g\u00e9n\u00e9rique sur la mode et l\u2019art qui convoque souvent la peinture. Nous avons choisi de le faire de fa\u00e7on sp\u00e9cifique dans le d\u00e9partement des objets d\u2019art qui va de Byzance au Second Empire\u201d comme \u201cune sorte de fl\u00e2nerie\u201d, poursuit-il.<\/p>\n<p><a href=\"https:\/\/94.citoyens.com\/wp-content\/blogs.dir\/2\/files\/2025\/06\/louvre-couture-2025-cd-6-scaled.jpg\" target=\"_blank\" rel=\"noopener\">\u00a9 CD<img loading=\"lazy\" decoding=\"async\" width=\"1024\" height=\"577\" src=\"https:\/\/www.europesays.com\/fr\/wp-content\/uploads\/2025\/06\/louvre-couture-2025-cd-6-1024x577.jpg\" alt=\"\" class=\"wp-image-346562\"  \/><\/a><\/p>\n<p>Pas de sc\u00e9nographie complexe mais un fondu de silhouettes sign\u00e9es, entre autres, Hubert de Givenchy, Marine Serre, Thom Browne, Alexander McQueen, Karl Lagerfeld ou John Galliano, qui r\u00e9sonnent sur 9.000 m2 avec l\u2019histoire des arts d\u00e9coratifs et des m\u00e9tiers d\u2019art.<\/p>\n<p><a href=\"https:\/\/94.citoyens.com\/wp-content\/blogs.dir\/2\/files\/2025\/06\/louvre-couture-2025-cd-19-scaled.jpg\" target=\"_blank\" rel=\"noopener\">\u00a9 CD<img loading=\"lazy\" decoding=\"async\" width=\"1024\" height=\"577\" src=\"https:\/\/www.europesays.com\/fr\/wp-content\/uploads\/2025\/06\/louvre-couture-2025-cd-19-1024x577.jpg\" alt=\"\" class=\"wp-image-346558\"  \/><\/a><\/p>\n<p>Robes, bijoux et autres accessoires de mode se glissent entre les vases, objets liturgiques, armures, tapisseries, meubles et riches ornements du Moyen Age \u00e0 l\u2019Empire, de la Renaissance au Grand si\u00e8cle de Louis XIV.<\/p>\n<p><a href=\"https:\/\/94.citoyens.com\/wp-content\/blogs.dir\/2\/files\/2025\/06\/louvre-couture-2025-cd-18-scaled.jpg\" target=\"_blank\" rel=\"noopener\">\u00a9 CD<img loading=\"lazy\" decoding=\"async\" width=\"1024\" height=\"577\" src=\"https:\/\/www.europesays.com\/fr\/wp-content\/uploads\/2025\/06\/louvre-couture-2025-cd-18-1024x577.jpg\" alt=\"\" class=\"wp-image-346565\"  \/><\/a><\/p>\n<p>A l\u2019instar d\u2019une robe en jacquard de laine imprim\u00e9 d\u2019une mosa\u00efque et brod\u00e9 de cristaux, pierres et paillettes de Dolce&amp;Gabbana, faisant \u00e9cho \u00e0 une mosa\u00efque de l\u2019Italien Torcello (vers 1050-1100).<\/p>\n<p><a href=\"https:\/\/94.citoyens.com\/wp-content\/blogs.dir\/2\/files\/2025\/06\/louvre-couture-2025-cd-scaled.jpg\" target=\"_blank\" rel=\"noopener\">\u00a9 CD<img loading=\"lazy\" decoding=\"async\" width=\"1024\" height=\"577\" src=\"https:\/\/www.europesays.com\/fr\/wp-content\/uploads\/2025\/06\/louvre-couture-2025-cd-1024x577.jpg\" alt=\"\" class=\"wp-image-346566\"  \/><\/a><\/p>\n<p>Apr\u00e8s la c\u00e9l\u00e8bre robe \u201cMus\u00e9e du Louvre\u201d en soie blanche brod\u00e9e de Christian Dior, les p\u00e9pites s\u2019encha\u00eenent telle une robe \u201ccath\u00e9drale\u201d imprim\u00e9e en 3D d\u2019Iris van Herpen aux c\u00f4t\u00e9s de pr\u00e9cieux reliquaires.<\/p>\n<p><a href=\"https:\/\/94.citoyens.com\/wp-content\/blogs.dir\/2\/files\/2025\/06\/louvre-couture-2025-cd-10-scaled.jpg\" target=\"_blank\" rel=\"noopener\">\u00a9 CD<img loading=\"lazy\" decoding=\"async\" width=\"1024\" height=\"577\" src=\"https:\/\/www.europesays.com\/fr\/wp-content\/uploads\/2025\/06\/louvre-couture-2025-cd-10-1024x577.jpg\" alt=\"\" class=\"wp-image-346555\"  \/><\/a><\/p>\n<p>Une autre robe en filet de corne d\u2019Herm\u00e8s r\u00e9pond \u00e0 une tapisserie du XVIe si\u00e8cle et un ensemble jupe en organza de soie et pull en assemblage de fils m\u00e9talliques dor\u00e9s de Rabih Kayrouz dialogue avec un groupe statuaire ornemental du XIIIe si\u00e8cle en cuivre dor\u00e9.<\/p>\n<p><a href=\"https:\/\/94.citoyens.com\/wp-content\/blogs.dir\/2\/files\/2025\/06\/louvre-couture-2025-cd-11-scaled.jpg\" target=\"_blank\" rel=\"noopener\">\u00a9 CD<img loading=\"lazy\" decoding=\"async\" width=\"577\" height=\"1024\" src=\"https:\/\/www.europesays.com\/fr\/wp-content\/uploads\/2025\/06\/louvre-couture-2025-cd-11-577x1024.jpg\" alt=\"\" class=\"wp-image-346568\"  \/><\/a><\/p>\n<p>Une robe de bal en velours de Balenciaga tr\u00f4ne dans la grande salle \u00e0 manger des fastueux appartements dits \u201cNapol\u00e9on III\u201d (1861), r\u00e9cemment restaur\u00e9s.<\/p>\n<p><a href=\"https:\/\/94.citoyens.com\/wp-content\/blogs.dir\/2\/files\/2025\/06\/louvre-couture-2025-cd-21-scaled.jpg\" target=\"_blank\" rel=\"noopener\">\u00a9 CD<img loading=\"lazy\" decoding=\"async\" width=\"1024\" height=\"577\" src=\"https:\/\/www.europesays.com\/fr\/wp-content\/uploads\/2025\/06\/louvre-couture-2025-cd-21-1024x577.jpg\" alt=\"\" class=\"wp-image-346557\"  \/><\/a><\/p>\n<p>Lire aussi :<\/p><\/p>\n","protected":false},"excerpt":{"rendered":"Un escarpin Louboutin entre deux porcelaines, des robes de bal dans les appartements Napol\u00e9on III\u2026 Jusqu\u2019au 24 ao\u00fbt&hellip;\n","protected":false},"author":2,"featured_media":161679,"comment_status":"","ping_status":"","sticky":false,"template":"","format":"standard","meta":{"footnotes":""},"categories":[1888],"tags":[11,29407,1777,674,3293,1011,27,29408,3094,12,626,1585,3370,25],"class_list":{"0":"post-161678","1":"post","2":"type-post","3":"status-publish","4":"format-standard","5":"has-post-thumbnail","7":"category-paris","8":"tag-actualites","9":"tag-arts-decoratifs","10":"tag-eu","11":"tag-europe","12":"tag-exposition","13":"tag-fr","14":"tag-france","15":"tag-informations-pratiques","16":"tag-musee-du-louvre","17":"tag-news","18":"tag-paris","19":"tag-peinture","20":"tag-renaissance","21":"tag-republique-francaise"},"share_on_mastodon":{"url":"https:\/\/pubeurope.com\/@fr\/114649577328021084","error":""},"_links":{"self":[{"href":"https:\/\/www.europesays.com\/fr\/wp-json\/wp\/v2\/posts\/161678","targetHints":{"allow":["GET"]}}],"collection":[{"href":"https:\/\/www.europesays.com\/fr\/wp-json\/wp\/v2\/posts"}],"about":[{"href":"https:\/\/www.europesays.com\/fr\/wp-json\/wp\/v2\/types\/post"}],"author":[{"embeddable":true,"href":"https:\/\/www.europesays.com\/fr\/wp-json\/wp\/v2\/users\/2"}],"replies":[{"embeddable":true,"href":"https:\/\/www.europesays.com\/fr\/wp-json\/wp\/v2\/comments?post=161678"}],"version-history":[{"count":0,"href":"https:\/\/www.europesays.com\/fr\/wp-json\/wp\/v2\/posts\/161678\/revisions"}],"wp:featuredmedia":[{"embeddable":true,"href":"https:\/\/www.europesays.com\/fr\/wp-json\/wp\/v2\/media\/161679"}],"wp:attachment":[{"href":"https:\/\/www.europesays.com\/fr\/wp-json\/wp\/v2\/media?parent=161678"}],"wp:term":[{"taxonomy":"category","embeddable":true,"href":"https:\/\/www.europesays.com\/fr\/wp-json\/wp\/v2\/categories?post=161678"},{"taxonomy":"post_tag","embeddable":true,"href":"https:\/\/www.europesays.com\/fr\/wp-json\/wp\/v2\/tags?post=161678"}],"curies":[{"name":"wp","href":"https:\/\/api.w.org\/{rel}","templated":true}]}}