{"id":161702,"date":"2025-06-08T20:26:10","date_gmt":"2025-06-08T20:26:10","guid":{"rendered":"https:\/\/www.europesays.com\/fr\/161702\/"},"modified":"2025-06-08T20:26:10","modified_gmt":"2025-06-08T20:26:10","slug":"on-bat-deja-des-records-a-quebec","status":"publish","type":"post","link":"https:\/\/www.europesays.com\/fr\/161702\/","title":{"rendered":"\u00abon bat d\u00e9j\u00e0 des records\u00bb \u00e0 Qu\u00e9bec"},"content":{"rendered":"<p class=\"article-bodystyled__StyledText-sc-19uhgql-0 bGeyRM body-paragraph\">\u00abOn bat d\u00e9j\u00e0 des records au niveau de la vente de billets. \u00c7a va tellement bien, les gens ont r\u00e9pondu pr\u00e9sents dans la r\u00e9gion de Qu\u00e9bec\u00bb, affirme avec enthousiasme le pr\u00e9sident du comit\u00e9 organisateur lors d\u2019un entretien avec Le Soleil.<\/p>\n<p class=\"article-bodystyled__StyledText-sc-19uhgql-0 bGeyRM body-paragraph\">D\u2019apr\u00e8s les plus r\u00e9centes donn\u00e9es, la comp\u00e9tition qui se d\u00e9roulera du 11 au 15 juin suscite un engouement sans pr\u00e9c\u00e9dent.<\/p>\n<p class=\"article-bodystyled__StyledText-sc-19uhgql-0 bGeyRM body-paragraph\">\u00abPour l\u2019un des matchs le samedi, on pourrait s\u2019attendre \u00e0 recevoir 12 000 personnes. \u00c7a serait le record pour le grand nombre de spectateurs pour un match de volleyball au Canada, et ce depuis les Jeux olympiques de Montr\u00e9al en 1976.\u00bb<\/p>\n<p class=\"article-bodystyled__StyledText-sc-19uhgql-0 bGeyRM body-paragraph\">De quoi ravir ce v\u00e9t\u00e9ran du milieu sportif, convaincu depuis longtemps du potentiel de Qu\u00e9bec comme plaque tournante du volleyball au pays. <\/p>\n<p class=\"article-bodystyled__StyledText-sc-19uhgql-0 bGeyRM body-paragraph\">Il tient \u00e0 souligner que la LNV n\u2019est pas une simple rencontre internationale.<\/p>\n<blockquote class=\"pullquote\" cite=\"Gilles L&#xE9;pine, pr&#xE9;sident du comit&#xE9; organisateur local de la Ligue des nations de volleyball\">\n<p class=\"secondary-font__SecondaryFontStyles-sc-jft5zj-0 kJOXaj\">\u00abLa LNV c\u2019est le summum du summum, c\u2019est le plus haut niveau de volleyball apr\u00e8s les Olympiques.\u00bb<\/p>\n<p>\u2014 \u00a0Gilles L\u00e9pine, pr\u00e9sident du comit\u00e9 organisateur local de la Ligue des nations de volleyball<\/p><\/blockquote>\n<p>De nouvelles possibilit\u00e9s \u00e0 Qu\u00e9bec<\/p>\n<p class=\"article-bodystyled__StyledText-sc-19uhgql-0 bGeyRM body-paragraph\">Et apr\u00e8s cet \u00e9v\u00e9nement, quelles perspectives s\u2019ouvrent pour Qu\u00e9bec?<\/p>\n<p class=\"article-bodystyled__StyledText-sc-19uhgql-0 bGeyRM body-paragraph\">La r\u00e9ponse de M. L\u00e9pine est empreinte d\u2019optimisme. <\/p>\n<p><img decoding=\"async\" data-chromatic=\"ignore\" alt=\"Les matchs de volleyball du Rouge et Or parviennent eux aussi &#xE0; attirer les foules.\" class=\"c-image\" loading=\"lazy\" src=\"https:\/\/www.europesays.com\/fr\/wp-content\/uploads\/2025\/06\/4O53T2Z6ZBCWLDMIRXTGZ72BOY.jpg\"  width=\"1200\" height=\"799\"\/><\/p>\n<p class=\"image-metadata__MetadataParagraph-sc-1gfk7p2-0 cAaLKg image-metadata\">Les matchs de volleyball du Rouge et Or parviennent eux aussi \u00e0 attirer les foules. (Caroline Gr\u00e9goire\/Archives Le Soleil)<\/p>\n<p class=\"article-bodystyled__StyledText-sc-19uhgql-0 bGeyRM body-paragraph\">Les ventes de billets d\u00e9passent les attentes et la F\u00e9d\u00e9ration internationale de volleyball se dit \u00abimpressionn\u00e9e\u00bb par la qualit\u00e9 des infrastructures du Centre Vid\u00e9otron.<\/p>\n<p class=\"article-bodystyled__StyledText-sc-19uhgql-0 bGeyRM body-paragraph\">\u00abSi \u00e7a fonctionne, on pourrait avoir un mandat de trois ans, on serait assur\u00e9 du moins de recevoir le volet f\u00e9minin de la LNV l\u2019an prochain, et les hommes reviendraient l\u2019ann\u00e9e suivante\u00bb, r\u00e9sume celui qui a \u00e9galement l\u2019ancien directeur du programme Rouge et Or.<\/p>\n<p class=\"article-bodystyled__StyledText-sc-19uhgql-0 bGeyRM body-paragraph\">En 2023, Qu\u00e9bec avait aussi accueilli un tournoi majeur organis\u00e9 par la Conf\u00e9d\u00e9ration de volleyball d\u2019Am\u00e9rique du Nord, centrale et des Cara\u00efbes (NORCECA), une exp\u00e9rience susceptible de se r\u00e9p\u00e9ter.<\/p>\n<blockquote class=\"pullquote\" cite=\"Gilles L&#xE9;pine, pr&#xE9;sident du comit&#xE9; organisateur local de la LNV \">\n<p class=\"secondary-font__SecondaryFontStyles-sc-jft5zj-0 kJOXaj\">\u00abLe Canada pourrait tenter \u00e0 nouveau de recevoir le NORCECA pour 2026. Si le Canada devait l\u2019obtenir, Qu\u00e9bec serait en bonne position pour \u00eatre une ville h\u00f4tesse.\u00bb<\/p>\n<p>\u2014 \u00a0Gilles L\u00e9pine, pr\u00e9sident du comit\u00e9 organisateur local de la LNV <\/p><\/blockquote>\n<p class=\"article-bodystyled__StyledText-sc-19uhgql-0 bGeyRM body-paragraph\">Gilles L\u00e9pine voit encore plus loin. <\/p>\n<p class=\"article-bodystyled__StyledText-sc-19uhgql-0 bGeyRM body-paragraph\">Il estime que la capitale pourrait accueillir \u00abun \u00e9v\u00e9nement international de volleyball de plage\u00bb, une discipline \u00e9galement tr\u00e8s populaire.<\/p>\n<p>Un sport en ascension<\/p>\n<p class=\"article-bodystyled__StyledText-sc-19uhgql-0 bGeyRM body-paragraph\">Mais comment expliquer cet enthousiasme croissant pour le volleyball?<\/p>\n<p class=\"article-bodystyled__StyledText-sc-19uhgql-0 bGeyRM body-paragraph\">Sans d\u00e9tour, il avance que les Nord-Am\u00e9ricains sous-estiment la port\u00e9e mondiale de ce sport.<\/p>\n<blockquote class=\"pullquote\" cite=\"\">\n<p class=\"secondary-font__SecondaryFontStyles-sc-jft5zj-0 kJOXaj\">\u00abOn parle de 222 nations [o\u00f9 le sport est pratiqu\u00e9] pour 900 millions de participants.\u00bb<\/p>\n<\/blockquote>\n<p class=\"article-bodystyled__StyledText-sc-19uhgql-0 bGeyRM body-paragraph\">Il constate aussi une popularit\u00e9 grandissante dans les milieux scolaires, o\u00f9 les inscriptions ne cessent d\u2019augmenter. <\/p>\n<p class=\"article-bodystyled__StyledText-sc-19uhgql-0 bGeyRM body-paragraph\">Ce dernier rappelle aussi \u00abqu\u2019\u00e0 peu pr\u00e8s tous les Qu\u00e9b\u00e9cois ont au moins jou\u00e9 une fois en cours d\u2019\u00e9ducation physique.\u00bb<\/p>\n<p class=\"article-bodystyled__StyledText-sc-19uhgql-0 bGeyRM body-paragraph\">Sur la sc\u00e8ne locale, Gilles L\u00e9pine a lanc\u00e9 des fleurs au programme du Rouge et Or, qui parvient \u00e0 attirer les foules et nourrir l\u2019int\u00e9r\u00eat collectif pour le volleyball.<\/p>\n<p class=\"article-bodystyled__StyledText-sc-19uhgql-0 bGeyRM body-paragraph\">Enfin, le pr\u00e9sident du comit\u00e9 croit \u00e9galement que la perspective de voir \u00e9voluer des athl\u00e8tes susceptibles de participer aux prochains Jeux olympiques attire particuli\u00e8rement les amateurs.<\/p>\n<p class=\"article-bodystyled__StyledText-sc-19uhgql-0 bGeyRM body-paragraph\">\u00abC\u2019est un peu ma mani\u00e8re d\u2019amener les Olympiques \u00e0 Qu\u00e9bec\u00bb, conclut-il avec fiert\u00e9.<\/p>\n","protected":false},"excerpt":{"rendered":"\u00abOn bat d\u00e9j\u00e0 des records au niveau de la vente de billets. \u00c7a va tellement bien, les gens&hellip;\n","protected":false},"author":2,"featured_media":161703,"comment_status":"","ping_status":"","sticky":false,"template":"","format":"standard","meta":{"footnotes":""},"categories":[1417],"tags":[1011,27,2693,7810,29409,29410,29411,60,29412,1470,1469],"class_list":{"0":"post-161702","1":"post","2":"type-post","3":"status-publish","4":"format-standard","5":"has-post-thumbnail","7":"category-volley","8":"tag-fr","9":"tag-france","10":"tag-laval","11":"tag-quebec","12":"tag-rouge-et-or","13":"tag-rseq","14":"tag-sherbrooke","15":"tag-sports","16":"tag-vert-et-or","17":"tag-volley","18":"tag-volleyball"},"share_on_mastodon":{"url":"https:\/\/pubeurope.com\/@fr\/114649627515550322","error":""},"_links":{"self":[{"href":"https:\/\/www.europesays.com\/fr\/wp-json\/wp\/v2\/posts\/161702","targetHints":{"allow":["GET"]}}],"collection":[{"href":"https:\/\/www.europesays.com\/fr\/wp-json\/wp\/v2\/posts"}],"about":[{"href":"https:\/\/www.europesays.com\/fr\/wp-json\/wp\/v2\/types\/post"}],"author":[{"embeddable":true,"href":"https:\/\/www.europesays.com\/fr\/wp-json\/wp\/v2\/users\/2"}],"replies":[{"embeddable":true,"href":"https:\/\/www.europesays.com\/fr\/wp-json\/wp\/v2\/comments?post=161702"}],"version-history":[{"count":0,"href":"https:\/\/www.europesays.com\/fr\/wp-json\/wp\/v2\/posts\/161702\/revisions"}],"wp:featuredmedia":[{"embeddable":true,"href":"https:\/\/www.europesays.com\/fr\/wp-json\/wp\/v2\/media\/161703"}],"wp:attachment":[{"href":"https:\/\/www.europesays.com\/fr\/wp-json\/wp\/v2\/media?parent=161702"}],"wp:term":[{"taxonomy":"category","embeddable":true,"href":"https:\/\/www.europesays.com\/fr\/wp-json\/wp\/v2\/categories?post=161702"},{"taxonomy":"post_tag","embeddable":true,"href":"https:\/\/www.europesays.com\/fr\/wp-json\/wp\/v2\/tags?post=161702"}],"curies":[{"name":"wp","href":"https:\/\/api.w.org\/{rel}","templated":true}]}}