{"id":16171,"date":"2025-04-11T00:31:25","date_gmt":"2025-04-11T00:31:25","guid":{"rendered":"https:\/\/www.europesays.com\/fr\/16171\/"},"modified":"2025-04-11T00:31:25","modified_gmt":"2025-04-11T00:31:25","slug":"strasbourg-phenomene-mediatique-il-ecrit-lhygiene-cest-la-sante-un-guide-contre-les-idees-recues","status":"publish","type":"post","link":"https:\/\/www.europesays.com\/fr\/16171\/","title":{"rendered":"Strasbourg. Ph\u00e9nom\u00e8ne m\u00e9diatique, il \u00e9crit \u00ab\u00a0L&rsquo;hygi\u00e8ne, c&rsquo;est la sant\u00e9\u00a0\u00bb, un guide contre les id\u00e9es re\u00e7ues"},"content":{"rendered":"<p>Les plus grands ennemis de notre sant\u00e9 sont souvent chez nous. Certains objets de notre quotidien, tels une \u00e9ponge, un sac \u00e0 main ou un pot de cr\u00e8me hydratante peuvent \u00e0 premi\u00e8re vue para\u00eetre inoffensifs, mais en r\u00e9alit\u00e9, ils peuvent parfois repr\u00e9senter un vrai danger pour notre sant\u00e9 si nous ne les utilisons pas avec vigilance.<\/p>\n<p>  De la pr\u00e9paration des repas au choix des produits m\u00e9nagers<\/p>\n<p>Hygi\u00e9niste et microbiologiste strasbourgeois reconnu, notamment dans le \u201cMag de la Sant\u00e9\u201d et sur RTL, Christophe Mercier Thellier partage dans son dernier livre  L\u2019hygi\u00e8ne, c\u2019est la sant\u00e9\u00a0\u00a0!  ses conseils pratiques accompagn\u00e9s d\u2019explications scientifiques accessibles \u00e0 tous. Son objectif\u00a0\u00a0? Nous aider \u00e0 combattre certaines id\u00e9es re\u00e7ues et d\u00e9monter que <a href=\"https:\/\/www.dna.fr\/economie\/2025\/04\/08\/shampoing-lessive-pres-d-un-francais-sur-deux-reduit-ses-achats-de-produits-d-hygiene\" target=\"_blank\" rel=\"nofollow noopener\">l\u2019hygi\u00e8ne<\/a> n\u2019est pas seulement la propret\u00e9\u00a0car elle recouvre aussi toutes les pratiques individuelles et collectives pour rester en bonne sant\u00e9.<\/p>\n<p>Ce guide pratique contient d\u2019ailleurs de nombreuses astuces pour rendre nos lieux de vie plus s\u00fbrs, de la pr\u00e9paration des repas au choix des produits m\u00e9nagers.<\/p>\n<p>\u00c9galement conf\u00e9rencier et sp\u00e9cialiste de la pr\u00e9vention des infections, Christophe Mercier Thellier travaille dans de nombreux \u00e9tablissements de sant\u00e9 et de vie o\u00f9 il a form\u00e9 des milliers de m\u00e9decins, de soignants et membres du personnel h\u00f4telier. Il intervient r\u00e9guli\u00e8rement aupr\u00e8s du grand public \u00e0 la radio et \u00e0 la t\u00e9l\u00e9vision.<\/p>\n<p>V\u00e9ritable personnage, haut en couleur, ses vid\u00e9os sont parfois vues des millions de fois\u2026<\/p>\n<p class=\"note\">Samedi 12\u00a0avril \u00e0 16\u00a0h \u00e0 la Fnac de Strasbourg, rencontre avec Christophe Mercier Thellier. L\u2019hygi\u00e8ne, c\u2019est la sant\u00e9\u00a0! (La R\u00e9serve Communication), 300 pages, 19,90\u00a0\u20ac.<\/p>\n","protected":false},"excerpt":{"rendered":"Les plus grands ennemis de notre sant\u00e9 sont souvent chez nous. Certains objets de notre quotidien, tels une&hellip;\n","protected":false},"author":2,"featured_media":16172,"comment_status":"","ping_status":"","sticky":false,"template":"","format":"standard","meta":{"footnotes":""},"categories":[2820],"tags":[1111,11,1687,2880,1777,674,107,1011,27,775,2410,12,25,71,640,2879],"class_list":{"0":"post-16171","1":"post","2":"type-post","3":"status-publish","4":"format-standard","5":"has-post-thumbnail","7":"category-strasbourg","8":"tag-actu","9":"tag-actualites","10":"tag-culture-loisirs","11":"tag-edition-strasbourg","12":"tag-eu","13":"tag-europe","14":"tag-fil-info","15":"tag-fr","16":"tag-france","17":"tag-grand-est","18":"tag-livres-bd","19":"tag-news","20":"tag-republique-francaise","21":"tag-sante","22":"tag-strasbourg","23":"tag-strasbourg-ville"},"share_on_mastodon":{"url":"https:\/\/pubeurope.com\/@fr\/114316514621460902","error":""},"_links":{"self":[{"href":"https:\/\/www.europesays.com\/fr\/wp-json\/wp\/v2\/posts\/16171","targetHints":{"allow":["GET"]}}],"collection":[{"href":"https:\/\/www.europesays.com\/fr\/wp-json\/wp\/v2\/posts"}],"about":[{"href":"https:\/\/www.europesays.com\/fr\/wp-json\/wp\/v2\/types\/post"}],"author":[{"embeddable":true,"href":"https:\/\/www.europesays.com\/fr\/wp-json\/wp\/v2\/users\/2"}],"replies":[{"embeddable":true,"href":"https:\/\/www.europesays.com\/fr\/wp-json\/wp\/v2\/comments?post=16171"}],"version-history":[{"count":0,"href":"https:\/\/www.europesays.com\/fr\/wp-json\/wp\/v2\/posts\/16171\/revisions"}],"wp:featuredmedia":[{"embeddable":true,"href":"https:\/\/www.europesays.com\/fr\/wp-json\/wp\/v2\/media\/16172"}],"wp:attachment":[{"href":"https:\/\/www.europesays.com\/fr\/wp-json\/wp\/v2\/media?parent=16171"}],"wp:term":[{"taxonomy":"category","embeddable":true,"href":"https:\/\/www.europesays.com\/fr\/wp-json\/wp\/v2\/categories?post=16171"},{"taxonomy":"post_tag","embeddable":true,"href":"https:\/\/www.europesays.com\/fr\/wp-json\/wp\/v2\/tags?post=16171"}],"curies":[{"name":"wp","href":"https:\/\/api.w.org\/{rel}","templated":true}]}}