{"id":161710,"date":"2025-06-08T20:32:09","date_gmt":"2025-06-08T20:32:09","guid":{"rendered":"https:\/\/www.europesays.com\/fr\/161710\/"},"modified":"2025-06-08T20:32:09","modified_gmt":"2025-06-08T20:32:09","slug":"je-ne-realise-pas-trop-a-19-ans-aurelie-de-guerdavid-devient-championne-de-bretagne","status":"publish","type":"post","link":"https:\/\/www.europesays.com\/fr\/161710\/","title":{"rendered":"\u00ab\u00a0Je ne r\u00e9alise pas trop\u00a0\u00bb\u00a0: \u00e0 19 ans, Aur\u00e9lie De Guerdavid devient championne de Bretagne"},"content":{"rendered":"<p>Championnats de Bretagne<\/p>\n<p>\u00ab\u00a0Pour l\u2019instant, je ne r\u00e9alise pas trop, je pense que ce sera le cas avec le maillot\u00a0\u00bb, souriait Aur\u00e9lie De Guerdavid, quelques minutes apr\u00e8s son sacre. Alors qu\u2019on aurait pu s\u2019attendre \u00e0 une arriv\u00e9e massive au sprint lors de ces championnats de Bretagne sur route, c\u2019est en petit comit\u00e9 que la victoire s\u2019est finalement jou\u00e9e.<\/p>\n<p>Dans les derniers kilom\u00e8tres, Aur\u00e9lie De Guerdavid et No\u00e9mie Daumas, co\u00e9quipi\u00e8res chez Lanester Women Morbihan, ont d\u00e9croch\u00e9 Aliz\u00e9e Rigaux. Et lors de l\u2019ultime ascension de la rue de Bellevue, la seconde s\u2019est effac\u00e9e pour laisser sa co\u00e9quipi\u00e8re l\u2019emporter, partie bien plus t\u00f4t dans la course. \u00ab\u00a0Je n\u2019aurais pas gagn\u00e9 sans No\u00e9mie (Daumas). Elle a tout fait pour qu\u2019on r\u00e9ussisse. Quand j\u2019\u00e9tais cram\u00e9e, elle a fait rouler Aliz\u00e9e Rigaux pour que je puisse me reposer\u00a0\u00bb, soulignait la nouvelle championne de Bretagne.<\/p>\n<p>Une ma\u00eetrise totale de Lanester Women Morbihan<\/p>\n<p>Tr\u00e8s t\u00f4t dans la course, les attaques de la formation Lanester Women Morbihan se sont multipli\u00e9es en t\u00eate du peloton pour placer une coureuse dans l\u2019\u00e9chapp\u00e9e. Une r\u00e9ussite, puisque L\u00e9onie Mahieu a \u00e9t\u00e9 seule en t\u00eate durant deux tours. Avant de laisser sa place \u00e0 Aliz\u00e9e Rigaux (CC Moncontour) et Aur\u00e9lie De Guerdavid, sa co\u00e9quipi\u00e8re.<\/p>\n<p>Un bin\u00f4me longtemps esseul\u00e9, rejoint par No\u00e9mie Daumas. \u00ab\u00a0C\u2019est vrai que j\u2019ai fait une bonne partie seule devant. On voulait \u00eatre en sup\u00e9riorit\u00e9 num\u00e9rique\u00a0\u00bb, confiait Aur\u00e9lie De Guerdavid. \u00ab\u00a0J\u2019avais un petit peu peur d\u2019\u00eatre partie trop t\u00f4t. Parfois je ne tiens pas la distance, surtout qu\u2019\u00e0 deux c\u2019est \u00e9puisant\u00a0\u00bb, ajoutait la jeune femme de 19 ans qui a pass\u00e9 les deux tiers de la course en t\u00eate. Avant de s\u2019imposer sous les applaudissements des spectateurs venus en nombre assister \u00e0 l\u2019\u00e9v\u00e9nement.<\/p>\n","protected":false},"excerpt":{"rendered":"Championnats de Bretagne \u00ab\u00a0Pour l\u2019instant, je ne r\u00e9alise pas trop, je pense que ce sera le cas avec&hellip;\n","protected":false},"author":2,"featured_media":161711,"comment_status":"","ping_status":"","sticky":false,"template":"","format":"standard","meta":{"footnotes":""},"categories":[1411],"tags":[1154,207,6159,11097,1011,27,60,12907],"class_list":{"0":"post-161710","1":"post","2":"type-post","3":"status-publish","4":"format-standard","5":"has-post-thumbnail","7":"category-cyclisme","8":"tag-cycling","9":"tag-cyclisme","10":"tag-cyclisme-amateurs","11":"tag-cyclisme-feminin","12":"tag-fr","13":"tag-france","14":"tag-sports","15":"tag-treve"},"share_on_mastodon":{"url":"https:\/\/pubeurope.com\/@fr\/114649651173172162","error":""},"_links":{"self":[{"href":"https:\/\/www.europesays.com\/fr\/wp-json\/wp\/v2\/posts\/161710","targetHints":{"allow":["GET"]}}],"collection":[{"href":"https:\/\/www.europesays.com\/fr\/wp-json\/wp\/v2\/posts"}],"about":[{"href":"https:\/\/www.europesays.com\/fr\/wp-json\/wp\/v2\/types\/post"}],"author":[{"embeddable":true,"href":"https:\/\/www.europesays.com\/fr\/wp-json\/wp\/v2\/users\/2"}],"replies":[{"embeddable":true,"href":"https:\/\/www.europesays.com\/fr\/wp-json\/wp\/v2\/comments?post=161710"}],"version-history":[{"count":0,"href":"https:\/\/www.europesays.com\/fr\/wp-json\/wp\/v2\/posts\/161710\/revisions"}],"wp:featuredmedia":[{"embeddable":true,"href":"https:\/\/www.europesays.com\/fr\/wp-json\/wp\/v2\/media\/161711"}],"wp:attachment":[{"href":"https:\/\/www.europesays.com\/fr\/wp-json\/wp\/v2\/media?parent=161710"}],"wp:term":[{"taxonomy":"category","embeddable":true,"href":"https:\/\/www.europesays.com\/fr\/wp-json\/wp\/v2\/categories?post=161710"},{"taxonomy":"post_tag","embeddable":true,"href":"https:\/\/www.europesays.com\/fr\/wp-json\/wp\/v2\/tags?post=161710"}],"curies":[{"name":"wp","href":"https:\/\/api.w.org\/{rel}","templated":true}]}}