{"id":161715,"date":"2025-06-08T20:34:09","date_gmt":"2025-06-08T20:34:09","guid":{"rendered":"https:\/\/www.europesays.com\/fr\/161715\/"},"modified":"2025-06-08T20:34:09","modified_gmt":"2025-06-08T20:34:09","slug":"nasdas-cest-termine-public","status":"publish","type":"post","link":"https:\/\/www.europesays.com\/fr\/161715\/","title":{"rendered":"Nasdas c&rsquo;est termin\u00e9 &#8211; Public"},"content":{"rendered":"<p>C\u2019est peut-\u00eatre un adieu\u2026 ou peut-\u00eatre juste un \u00e9ni\u00e8me au revoir. Ce dimanche matin, tr\u00e8s t\u00f4t, Nasdas, l\u2019influenceur embl\u00e9matique de Perpignan, a annonc\u00e9 dans un message publi\u00e9 sur Instagram qu\u2019il <strong>quittait (d\u00e9finitivement ?) les r\u00e9seaux sociaux.<\/strong> Une annonce pleine d\u2019\u00e9motion, de nostalgie, et surtout, de gratitude envers sa communaut\u00e9, \u00ab\u00a0la chiennet\u00e9\u00a0\u00bb, qui le suit depuis des ann\u00e9es dans ses aventures num\u00e9riques\u2026<strong> et parfois controvers\u00e9es.<\/strong><\/p>\n<p>Nasdas claque la porte des r\u00e9seaux sociaux : pourquoi l\u2019ic\u00f4ne de Perpignan dit stop<\/p>\n<p>\u00ab C\u2019est le dernier message que je publierai ici. J\u2019ai retir\u00e9 tout le monde du canal. Il est temps pour moi de me retirer des r\u00e9seaux sociaux et de <strong>recentrer mes priorit\u00e9s sur l\u2019essentiel :<\/strong> ma famille et ma vie personnelle \u00bb, \u00e9crit Nasser Sari, de son vrai nom. Le ton est solennel, presque d\u00e9finitif. Mais les fans, eux, ont encore en m\u00e9moire l\u2019\u00e9t\u00e9 2024, quand Nasdas avait <strong>d\u00e9j\u00e0 claqu\u00e9 la porte de Snapchat<\/strong> en d\u00e9clarant vouloir \u00ab voir son fils grandir \u00bb\u2026 avant de revenir en octobre, comme une rockstar qui ne peut pas vivre sans la sc\u00e8ne.<\/p>\n<p>Nasdas, c\u2019est avant tout l\u2019histoire d\u2019un gars du quartier Saint-Jacques \u00e0 Perpignan, devenu en quelques ann\u00e9es l\u2019un des influenceurs les plus suivis de France. Avec 9,2 millions d\u2019abonn\u00e9s sur Snapchat, 3,7 millions sur TikTok et 2,1 millions sur Instagram, il a su <strong>f\u00e9d\u00e9rer une communaut\u00e9 ultra fid\u00e8le <\/strong>autour de ses vid\u00e9os brutes, dr\u00f4les et parfois provocantes. Ses lives o\u00f9 il distribue des billets, ses surprises aux jeunes dans le besoin, ses coups de folie en pleine rue ou encore ses t\u00e9l\u00e9-r\u00e9alit\u00e9s de quartier dans une villa o\u00f9 cohabitent SDF, mineurs isol\u00e9s et gal\u00e9riens de la vie ont fait de lui une ic\u00f4ne\u2026 <strong>mais aussi une cible. <\/strong>D\u2019ailleurs, l\u2019influenceur a <a href=\"https:\/\/www.public.fr\/nasdas-la-star-de-snapchat-au-coeur-dune-autre-polemique-a-cause-de-ses-chiens-une-enquete-ouverte\" target=\"_blank\" rel=\"noopener\">enchain\u00e9 plusieurs pol\u00e9miques.<\/a><\/p>\n<p>L\u2019influenceur parle \u00e0 c\u0153ur ouvert : un message d\u2019adieu plein d\u2019\u00e9motion et de doutes, \u00ab\u00a0J\u2019ai tout donn\u00e9\u00a0\u00bb<\/p>\n<p>Dans son message d\u2019adieu, Nasdas se livre \u00e0 c\u0153ur ouvert : \u00ab J\u2019ai tout donn\u00e9 pour celles et ceux qui \u00e9taient \u00e0 mes c\u00f4t\u00e9s, et pour vous offrir, chaque soir, votre dose de divertissement. Merci du fond du c\u0153ur \u00e0 ma team que j\u2019aime fort, d\u2019avoir <strong>partag\u00e9 cette belle aventure avec moi. \u00bb. <\/strong>Et <a href=\"https:\/\/www.public.fr\/nasdas-banni-de-snapchat-une-video-censuree-fait-polemique-les-internautes-scandalises\" target=\"_blank\" rel=\"noopener\">celui qui a \u00e9t\u00e9 r\u00e9cemment banni de Snapchat<\/a> poursuit : \u00ab Vous nous avez vus grandir, \u00e9voluer, devenir parents pour certain(e)s\u2026 On a partag\u00e9 avec vous des morceaux de nos vies les plus intimes. \u00bb.<\/p>\n<p>Une d\u00e9claration pleine d\u2019affection pour sa communaut\u00e9, mais aussi <strong>teint\u00e9e d\u2019une certaine fatigue. <\/strong>\u00c0 28 ans, l\u2019influenceur millionnaire semble vouloir tirer un trait sur une p\u00e9riode intense et parfois pesante de sa vie. Dans une vid\u00e9o publi\u00e9e sur Snapchat, il nuance tout de m\u00eame : <strong>\u00ab Peut-\u00eatre c\u2019est un au revoir, <\/strong>peut-\u00eatre un adieu. Peut-\u00eatre je reviendrai, peut-\u00eatre je ne reviendrai pas. \u00bb. Un flou artistique qui lui ressemble plut\u00f4t bien finalement.<\/p>\n<p>Nasdas auditionn\u00e9 sur l\u2019impact de TikTok chez les jeunes : quel avenir pour l\u2019influenceur ?<\/p>\n<p>M\u00eame s\u2019il raccroche les stories, Nasdas n\u2019a pas fini de faire les gros titres. Ce mardi 10 juin, il sera auditionn\u00e9 \u00e0 l\u2019Assembl\u00e9e nationale par la commission d\u2019enqu\u00eate sur <strong>les effets psychologiques de TikTok<\/strong> sur les jeunes. Une convocation li\u00e9e \u00e0 sa forte influence sur les mineurs et \u00e0 son contenu parfois critiqu\u00e9. \u00ab Comprendre son rapport aux plus jeunes, et interroger plus largement le mod\u00e8le \u00e9conomique de mise en valeur de quelque chose qui peut <strong>avoir des c\u00f4t\u00e9s perturbants ou g\u00eanants \u00bb,<\/strong> a expliqu\u00e9 Arthur Delaporte, pr\u00e9sident de la commission. Il faut dire que l\u2019influenceur a souvent suscit\u00e9 la controverse.<\/p>\n<p>Sa fa\u00e7on de filmer des personnes vuln\u00e9rables, ses moqueries parfois limites, ou encore ses distributions d\u2019argent dans la rue <strong>ont divis\u00e9 l\u2019opinion. <\/strong>Certains le voient comme un Robin des Bois des temps modernes. D\u2019autres, comme un businessman qui surfe sur la mis\u00e8re pour faire du clic. Malgr\u00e9 les critiques, Nasdas a toujours <strong>gard\u00e9 une \u00e9norme base de fans.<\/strong> Des jeunes qui le suivent depuis ses d\u00e9buts, qui traversent la France pour le rencontrer, et qui se reconnaissent dans son franc-parler et son style de vie sans filtre. Et m\u00eame s\u2019il semble pr\u00eat \u00e0 tourner la page, l\u2019histoire entre Nasdas et les r\u00e9seaux sociaux pourrait bien <strong>ne pas \u00eatre totalement termin\u00e9e.<\/strong> Alors, au revoir Nasdas\u2026 ou \u00e0 tr\u00e8s vite ?<\/p>\n<p>      Mentionn\u00e9s dans cet article<\/p>\n<p>\u00c0 lire aussi<\/p>\n","protected":false},"excerpt":{"rendered":"C\u2019est peut-\u00eatre un adieu\u2026 ou peut-\u00eatre juste un \u00e9ni\u00e8me au revoir. Ce dimanche matin, tr\u00e8s t\u00f4t, Nasdas, l\u2019influenceur&hellip;\n","protected":false},"author":2,"featured_media":161716,"comment_status":"","ping_status":"","sticky":false,"template":"","format":"standard","meta":{"footnotes":""},"categories":[1359],"tags":[58,59,1011,27,2440,973],"class_list":{"0":"post-161715","1":"post","2":"type-post","3":"status-publish","4":"format-standard","5":"has-post-thumbnail","7":"category-people","8":"tag-divertissement","9":"tag-entertainment","10":"tag-fr","11":"tag-france","12":"tag-instagram","13":"tag-people"},"share_on_mastodon":{"url":"https:\/\/pubeurope.com\/@fr\/114649659119680442","error":""},"_links":{"self":[{"href":"https:\/\/www.europesays.com\/fr\/wp-json\/wp\/v2\/posts\/161715","targetHints":{"allow":["GET"]}}],"collection":[{"href":"https:\/\/www.europesays.com\/fr\/wp-json\/wp\/v2\/posts"}],"about":[{"href":"https:\/\/www.europesays.com\/fr\/wp-json\/wp\/v2\/types\/post"}],"author":[{"embeddable":true,"href":"https:\/\/www.europesays.com\/fr\/wp-json\/wp\/v2\/users\/2"}],"replies":[{"embeddable":true,"href":"https:\/\/www.europesays.com\/fr\/wp-json\/wp\/v2\/comments?post=161715"}],"version-history":[{"count":0,"href":"https:\/\/www.europesays.com\/fr\/wp-json\/wp\/v2\/posts\/161715\/revisions"}],"wp:featuredmedia":[{"embeddable":true,"href":"https:\/\/www.europesays.com\/fr\/wp-json\/wp\/v2\/media\/161716"}],"wp:attachment":[{"href":"https:\/\/www.europesays.com\/fr\/wp-json\/wp\/v2\/media?parent=161715"}],"wp:term":[{"taxonomy":"category","embeddable":true,"href":"https:\/\/www.europesays.com\/fr\/wp-json\/wp\/v2\/categories?post=161715"},{"taxonomy":"post_tag","embeddable":true,"href":"https:\/\/www.europesays.com\/fr\/wp-json\/wp\/v2\/tags?post=161715"}],"curies":[{"name":"wp","href":"https:\/\/api.w.org\/{rel}","templated":true}]}}