{"id":161721,"date":"2025-06-08T20:37:28","date_gmt":"2025-06-08T20:37:28","guid":{"rendered":"https:\/\/www.europesays.com\/fr\/161721\/"},"modified":"2025-06-08T20:37:28","modified_gmt":"2025-06-08T20:37:28","slug":"sophie-maries-au-premier-regard-revient-sur-lechec-de-son-mariage-avec-guillaume-et-les-signaux-qui-lont-alertee","status":"publish","type":"post","link":"https:\/\/www.europesays.com\/fr\/161721\/","title":{"rendered":"Sophie (Mari\u00e9s au premier regard) revient sur l\u2019\u00e9chec de son mariage avec Guillaume et les signaux qui l\u2019ont alert\u00e9e"},"content":{"rendered":"<p class=\"articleContent-meta\">\n        Aujourd&rsquo;hui \u00e0 21:00 &#8211; par             <a class=\"articleContent-metaAuthorsLink\" href=\"https:\/\/www.programme.tv\/auteur\/clara-pouvil\/\" target=\"_blank\" rel=\"noopener\">Clara Pouvil<\/a><\/p>\n<p>                    Tweeter<\/p>\n<p>                    Partager sur Facebook<\/p>\n<p>                        <img decoding=\"async\" src=\"https:\/\/www.europesays.com\/fr\/wp-content\/uploads\/2025\/06\/l-interview-dilemmes-de-sophie-maries-au-premier-regard.jpg\" alt=\"Player Video\" class=\"player-applyRatio poster exclude-seedtag\"\/><\/p>\n<p>Jeudi 5 juin 2025, en story Instagram, Sophie de Mari\u00e9s au premier regard a lanc\u00e9 une FAQ avec sa communaut\u00e9. L&rsquo;occasion pour elle de revenir sur l&rsquo;\u00e9chec de sa relation avec Guillaume et d&rsquo;\u00e9voquer les signaux qui l&rsquo;ont alert\u00e9e.<\/p>\n<p>Le 3 mars dernier, M6 donnait le coup d&rsquo;envoi de la neuvi\u00e8me saison in\u00e9dite de <a href=\"https:\/\/www.programme.tv\/news\/tele-realite\/262880-on-officialise-ludivine-maries-au-premier-regard-la-suite-franchit-un-cap-avec-son-pretendant-et-l-embrasse-dans-le-prochain-episode-sur-m6\/\" target=\"_blank\" rel=\"noopener\">Mari\u00e9s au premier regard<\/a>. L&rsquo;occasion pour les t\u00e9l\u00e9spectateurs de faire connaissance avec des nouveaux candidats qui ont accept\u00e9 de participer \u00e0 cette incroyable exp\u00e9rience. Parmi eux, <b>Sophie<\/b>, une danseuse qui a d\u00e9j\u00e0 \u00e9t\u00e9 vue dans Les Marseillais. Lors de son arriv\u00e9e \u00e0 Gibraltar, elle a fait la connaissance de <b>Guillaume<\/b>, avec qui elle \u00e9tait compatible \u00e0 <b>77%<\/b>. Apr\u00e8s leur mariage, les deux candidats ont pos\u00e9 leurs valises pour les A\u00e7ores. Sur place, ils ont pu apprendre \u00e0 mieux se conna\u00eetre. Et si Sophie avait h\u00e2te d&rsquo;en savoir plus sur son mari, elle a rapidement d\u00e9chant\u00e9, notamment lorsqu&rsquo;elle a \u00e9voqu\u00e9 avec lui la question des enfants.<\/p>\n<p>Mari\u00e9s au premier regard : Sophie d\u00e9\u00e7ue par Guillaume apr\u00e8s avoir \u00e9voqu\u00e9 un sujet important \u00e0 ses yeux<\/p>\n<p>En lui indiquant qu&rsquo;elle souhaitait en avoir un jour, la r\u00e9action de Guillaume l&rsquo;a quelque peu d\u00e9stabilis\u00e9e. \u00ab\u00a0Avant d&rsquo;avoir des enfants, j&rsquo;aimerais d&rsquo;abord voyager et faire plein de trucs avec ma femme (&#8230;) Beaucoup font des enfants rapidement, mais moi, <b>j&rsquo;aimerais d&rsquo;abord profiter trois ou quatre ans avec ma femme<\/b>, puisqu&rsquo;on dit que la passion s&rsquo;\u00e9teint au bout de trois ans et avoir un enfant apr\u00e8s cinq ans de relation, quand on est s\u00fbr de s&rsquo;aimer\u00a0\u00bb, lui a-t-il indiqu\u00e9. Mais c&rsquo;est surtout <a href=\"https:\/\/www.programme-tv.net\/news\/tele-realite\/380333-quand-je-vois-la-finalite-guillaume-maries-au-premier-regard-doute-des-tests-de-compatibilite-du-programme-apres-l-echec-de-son-mariage-avec-sophie\/\" target=\"_blank\" rel=\"noopener\">une remarque de sa part<\/a> qui a mis le feu aux poudres. \u00ab\u00a0<b>Moi, c&rsquo;est s\u00fbr que j&rsquo;ai encore un peu de temps pour en faire<\/b>\u00ab\u00a0. Un \u00ab\u00a0manque de tact\u00a0\u00bb que Sophie n&rsquo;a pas support\u00e9, \u00e0 tel point qu&rsquo;elle a d\u00e9cid\u00e9 de mettre un terme \u00e0 leur mariage avant m\u00eame de participer au traditionnel bilan avec les deux expertes, <b>Estelle Dossin<\/b> et <b>Marie Tapernoux<\/b>.<\/p>\n<p>                                    \u00ab\u00a0Je suis heureuse d&rsquo;avoir \u00e9cout\u00e9 mon instinct\u00a0\u00bb<\/p>\n<p>Jeudi 5 juin 2025, Sophie de Mari\u00e9s au premier regard a organis\u00e9 une FAQ avec ses abonn\u00e9s. L&rsquo;un d&rsquo;entre eux lui a \u00e9crit le message suivant : \u00ab\u00a0Tu es une queen et un exemple d&rsquo;avoir su d\u00e9crypter les red flag de ton mari et poser tes limites\u00a0\u00bb. Ce \u00e0 quoi elle a r\u00e9pondu : \u00ab\u00a0Merci. <b>Je suis heureuse d&rsquo;avoir \u00e9cout\u00e9 mon instinct.<\/b> Il ne faut pas avoir peur de faire ce qui est bon pour nous et ne pas oublier notre valeur en restant bienveillant bien s\u00fbr, toujours\u00a0\u00bb.<\/p>\n<p>Rejoignez-nous sur Google News !<\/p>\n<p class=\"articleContent-pushTagline\">Abonnez-vous \u00e0 <a href=\"https:\/\/news.google.com\/publications\/CAAiEJwr-IZFXDFoZD1ePbkC_VcqFAgKIhCcK_iGRVwxaGQ9Xj25Av1X\" target=\"_blank\" rel=\"noopener\">T\u00e9l\u00e9 2 semaines sur Google News<\/a> pour ne manquer aucune info !<\/p>\n","protected":false},"excerpt":{"rendered":"Aujourd&rsquo;hui \u00e0 21:00 &#8211; par Clara Pouvil Tweeter Partager sur Facebook Jeudi 5 juin 2025, en story Instagram,&hellip;\n","protected":false},"author":2,"featured_media":161722,"comment_status":"","ping_status":"","sticky":false,"template":"","format":"standard","meta":{"footnotes":""},"categories":[1356],"tags":[20753,58,59,1011,27,2173,6218,20754,5214,252,12663,3604,1364],"class_list":{"0":"post-161721","1":"post","2":"type-post","3":"status-publish","4":"format-standard","5":"has-post-thumbnail","7":"category-television","8":"tag-dilemmes","9":"tag-divertissement","10":"tag-entertainment","11":"tag-fr","12":"tag-france","13":"tag-interview","14":"tag-maries-au-premier-regard","15":"tag-mariu00c9s-au-premier-regard","16":"tag-mariu00e9s-au-premier-regard","17":"tag-television","18":"tag-tl","19":"tag-tu00e9lu00e9-ru00e9alitu00e9","20":"tag-tv"},"share_on_mastodon":{"url":"https:\/\/pubeurope.com\/@fr\/114649670927323217","error":""},"_links":{"self":[{"href":"https:\/\/www.europesays.com\/fr\/wp-json\/wp\/v2\/posts\/161721","targetHints":{"allow":["GET"]}}],"collection":[{"href":"https:\/\/www.europesays.com\/fr\/wp-json\/wp\/v2\/posts"}],"about":[{"href":"https:\/\/www.europesays.com\/fr\/wp-json\/wp\/v2\/types\/post"}],"author":[{"embeddable":true,"href":"https:\/\/www.europesays.com\/fr\/wp-json\/wp\/v2\/users\/2"}],"replies":[{"embeddable":true,"href":"https:\/\/www.europesays.com\/fr\/wp-json\/wp\/v2\/comments?post=161721"}],"version-history":[{"count":0,"href":"https:\/\/www.europesays.com\/fr\/wp-json\/wp\/v2\/posts\/161721\/revisions"}],"wp:featuredmedia":[{"embeddable":true,"href":"https:\/\/www.europesays.com\/fr\/wp-json\/wp\/v2\/media\/161722"}],"wp:attachment":[{"href":"https:\/\/www.europesays.com\/fr\/wp-json\/wp\/v2\/media?parent=161721"}],"wp:term":[{"taxonomy":"category","embeddable":true,"href":"https:\/\/www.europesays.com\/fr\/wp-json\/wp\/v2\/categories?post=161721"},{"taxonomy":"post_tag","embeddable":true,"href":"https:\/\/www.europesays.com\/fr\/wp-json\/wp\/v2\/tags?post=161721"}],"curies":[{"name":"wp","href":"https:\/\/api.w.org\/{rel}","templated":true}]}}