{"id":161727,"date":"2025-06-08T20:40:09","date_gmt":"2025-06-08T20:40:09","guid":{"rendered":"https:\/\/www.europesays.com\/fr\/161727\/"},"modified":"2025-06-08T20:40:09","modified_gmt":"2025-06-08T20:40:09","slug":"une-experte-partage-un-autre-symptome-inquietant","status":"publish","type":"post","link":"https:\/\/www.europesays.com\/fr\/161727\/","title":{"rendered":"une experte partage un autre sympt\u00f4me inqui\u00e9tant"},"content":{"rendered":"<p>L\u2019espoir rena\u00eet dans la lutte contre la maladie d\u2019Alzheimer. Une r\u00e9cente \u00e9tude am\u00e9ricaine r\u00e9v\u00e8le qu\u2019en 2025, 182 essais cliniques sont en cours pour tester 138 traitements potentiels, soit une hausse de 11 % par rapport \u00e0 l\u2019an dernier. Un tiers de ces m\u00e9dicaments en test sont des mol\u00e9cules r\u00e9orient\u00e9es, initialement d\u00e9velopp\u00e9es pour d\u2019autres maladies comme le diab\u00e8te ou l\u2019hypercholest\u00e9rol\u00e9mie. Une dynamique encourageante pour les patients et leurs proches, d\u2019autant plus n\u00e9cessaire que la maladie reste mal comprise du grand public. Emma Taylor, responsable des services d&rsquo;information chez Alzheimer\u2019s Research UK interrog\u00e9e par Perspective, a profit\u00e9 de cette occasion pour revenir sur six croyances erron\u00e9es \u00e0 d\u00e9construire d\u2019urgence.<\/p>\n<ol class=\"caas-list\">\n<li><strong> Alzheimer et d\u00e9mence, ce n\u2019est pas la m\u00eame chose<\/strong><\/li>\n<\/ol>\n<p>La confusion est fr\u00e9quente, reconna\u00eet Emma Taylor. Pourtant, la d\u00e9mence n\u2019est pas une maladie en soi, mais un terme g\u00e9n\u00e9rique qui d\u00e9signe un ensemble de sympt\u00f4mes comme la perte de m\u00e9moire, les troubles du comportement ou la confusion. La maladie d\u2019Alzheimer en est la cause la plus courante. Elle r\u00e9sulte notamment de l\u2019accumulation anormale de deux prot\u00e9ines dans le cerveau, l\u2019amylo\u00efde et la tau, qui endommagent les cellules c\u00e9r\u00e9brales et perturbent la transmission des messages nerveux. Les premiers sympt\u00f4mes d\u00e9pendent de la zone du cerveau touch\u00e9e, mais dans le cas d\u2019Alzheimer, ils d\u00e9butent souvent par des troubles de la m\u00e9moire. (&#8230;)<\/p>\n<p><a href=\"https:\/\/www.topsante.com\/medecine\/maladies_neurologiques\/alzheimer\/peu-de-personnes-le-savent-mais-alzheimer-ce-nest-pas-uniquement-des-pertes-de-memoire-une-experte-partage-un-autre-symptome-inquietant-917464?utm_campaign=partenariat&amp;utm_source=yahoo-articles&amp;utm_medium=flux\" rel=\"nofollow noopener\" target=\"_blank\" data-ylk=\"slk:Lire la suite sur Top Sant\u00e9;elm:context_link;itc:0;sec:content-canvas\" class=\"link \">Lire la suite sur Top Sant\u00e9<\/a><\/p>\n<p><a href=\"https:\/\/www.topsante.com\/medecine\/cancers\/cancer_de_la_prostate\/des-chercheurs-decouvrent-un-legume-qui-pourrait-tuer-des-cellules-cancereuses-896179?utm_campaign=partenariat&amp;utm_source=yahoo-articles&amp;utm_medium=flux\" rel=\"nofollow noopener\" target=\"_blank\" data-ylk=\"slk:Des chercheurs d\u00e9couvrent un l\u00e9gume qui pourrait \u201ctuer des cellules canc\u00e9reuses\u201d;elm:context_link;itc:0;sec:content-canvas\" class=\"link \">Des chercheurs d\u00e9couvrent un l\u00e9gume qui pourrait \u201ctuer des cellules canc\u00e9reuses\u201d<\/a><br \/><a href=\"https:\/\/www.topsante.com\/nutrition_et_recettes\/cuisiner-sainement\/air-fryer-faut-il-vraiment-en-acheter-un-ce-que-les-fabricants-ne-precisent-jamais-917493?utm_campaign=partenariat&amp;utm_source=yahoo-articles&amp;utm_medium=flux\" rel=\"nofollow noopener\" target=\"_blank\" data-ylk=\"slk:Air-fryer : faut-il vraiment en acheter un ? Ce que les fabricants ne pr\u00e9cisent jamais;elm:context_link;itc:0;sec:content-canvas\" class=\"link \">Air-fryer : faut-il vraiment en acheter un ? Ce que les fabricants ne pr\u00e9cisent jamais<\/a><br \/><a href=\"https:\/\/www.topsante.com\/medecine\/maladies_neurologiques\/alzheimer\/je-suis-neurologue-et-jevite-cette-boisson-que-tout-le-monde-prend-pour-preserver-mon-cerveau-917418?utm_campaign=partenariat&amp;utm_source=yahoo-articles&amp;utm_medium=flux\" rel=\"nofollow noopener\" target=\"_blank\" data-ylk=\"slk:\u201cJe suis neurologue et j\u2019\u00e9vite cette boisson que tout le monde prend pour pr\u00e9server mon cerveau\u201d;elm:context_link;itc:0;sec:content-canvas\" class=\"link \">\u201cJe suis neurologue et j\u2019\u00e9vite cette boisson que tout le monde prend pour pr\u00e9server mon cerveau\u201d<\/a><br \/><a href=\"https:\/\/www.topsante.com\/medecines_douces\/phytotherapie\/une-herbe-aromatique-que-vous-avez-surement-dans-vos-placards-est-associee-a-une-meilleure-memoire-917509?utm_campaign=partenariat&amp;utm_source=yahoo-articles&amp;utm_medium=flux\" rel=\"nofollow noopener\" target=\"_blank\" data-ylk=\"slk:Une herbe aromatique que vous avez s\u00fbrement dans vos placards est associ\u00e9e \u00e0 une meilleure m\u00e9moire;elm:context_link;itc:0;sec:content-canvas\" class=\"link \">Une herbe aromatique que vous avez s\u00fbrement dans vos placards est associ\u00e9e \u00e0 une meilleure m\u00e9moire<\/a><br \/><a href=\"https:\/\/www.topsante.com\/medecine\/cancers\/cancer_colorectal\/avoir-de-la-graisse-a-cet-endroit-augmenterait-le-risque-de-cancer-colorectal-de-30-a-50-917506?utm_campaign=partenariat&amp;utm_source=yahoo-articles&amp;utm_medium=flux\" rel=\"nofollow noopener\" target=\"_blank\" data-ylk=\"slk:Avoir de la graisse \u00e0 cet endroit augmenterait le risque de cancer colorectal de 30 % \u00e0 50 %;elm:context_link;itc:0;sec:content-canvas\" class=\"link \">Avoir de la graisse \u00e0 cet endroit augmenterait le risque de cancer colorectal de 30 % \u00e0 50 %<\/a><\/p>\n","protected":false},"excerpt":{"rendered":"L\u2019espoir rena\u00eet dans la lutte contre la maladie d\u2019Alzheimer. Une r\u00e9cente \u00e9tude am\u00e9ricaine r\u00e9v\u00e8le qu\u2019en 2025, 182 essais&hellip;\n","protected":false},"author":2,"featured_media":161728,"comment_status":"","ping_status":"","sticky":false,"template":"","format":"standard","meta":{"footnotes":""},"categories":[10],"tags":[29414,1011,27,72,23114,277,71,29415,29416,29417],"class_list":{"0":"post-161727","1":"post","2":"type-post","3":"status-publish","4":"format-standard","5":"has-post-thumbnail","7":"category-sante","8":"tag-emma-taylor","9":"tag-fr","10":"tag-france","11":"tag-health","12":"tag-le-diabete","13":"tag-maladie-dalzheimer","14":"tag-sante","15":"tag-transmission-des-messages-nerveux","16":"tag-troubles-de-la-memoire","17":"tag-troubles-du-comportement"},"share_on_mastodon":{"url":"https:\/\/pubeurope.com\/@fr\/114649682625328386","error":""},"_links":{"self":[{"href":"https:\/\/www.europesays.com\/fr\/wp-json\/wp\/v2\/posts\/161727","targetHints":{"allow":["GET"]}}],"collection":[{"href":"https:\/\/www.europesays.com\/fr\/wp-json\/wp\/v2\/posts"}],"about":[{"href":"https:\/\/www.europesays.com\/fr\/wp-json\/wp\/v2\/types\/post"}],"author":[{"embeddable":true,"href":"https:\/\/www.europesays.com\/fr\/wp-json\/wp\/v2\/users\/2"}],"replies":[{"embeddable":true,"href":"https:\/\/www.europesays.com\/fr\/wp-json\/wp\/v2\/comments?post=161727"}],"version-history":[{"count":0,"href":"https:\/\/www.europesays.com\/fr\/wp-json\/wp\/v2\/posts\/161727\/revisions"}],"wp:featuredmedia":[{"embeddable":true,"href":"https:\/\/www.europesays.com\/fr\/wp-json\/wp\/v2\/media\/161728"}],"wp:attachment":[{"href":"https:\/\/www.europesays.com\/fr\/wp-json\/wp\/v2\/media?parent=161727"}],"wp:term":[{"taxonomy":"category","embeddable":true,"href":"https:\/\/www.europesays.com\/fr\/wp-json\/wp\/v2\/categories?post=161727"},{"taxonomy":"post_tag","embeddable":true,"href":"https:\/\/www.europesays.com\/fr\/wp-json\/wp\/v2\/tags?post=161727"}],"curies":[{"name":"wp","href":"https:\/\/api.w.org\/{rel}","templated":true}]}}