{"id":161731,"date":"2025-06-08T20:42:10","date_gmt":"2025-06-08T20:42:10","guid":{"rendered":"https:\/\/www.europesays.com\/fr\/161731\/"},"modified":"2025-06-08T20:42:10","modified_gmt":"2025-06-08T20:42:10","slug":"horoscope-de-demain-ces-3-signes-vont-rayonner-et-inspirer-les-autres-ce-lundi-9-juin-madame-figaro","status":"publish","type":"post","link":"https:\/\/www.europesays.com\/fr\/161731\/","title":{"rendered":"Horoscope de demain : ces 3 signes vont rayonner (et inspirer les autres) ce lundi 9 juin &#8211; Madame Figaro"},"content":{"rendered":"<ol>\n<li><a href=\"https:\/\/news.google.com\/rss\/articles\/CBMisAFBVV95cUxOOXhsQXNsOXVvMXc3N21mbm91LVZqb0Z1OGZFZDJyU0ZtZHlHQ09TMkJqT21TTHA0QlpIZzg0TDhZUGtaall0TXlUelpWMjY5VktJOEQwX1hMLW11dUVqa0ZvTF9JSVBjNHdkYXliUGZFWXpMdWRnQ2UyalozUUx5bjY2ZTR1MDFkMERCRFlGajV4emVVdW1veVJGWldjNUVyZzkxTXNGTFdCbUtUWFpJZw?oc=5\" target=\"_blank\" rel=\"noopener\">Horoscope de demain : ces 3 signes vont rayonner (et inspirer les autres) ce lundi 9 juin<\/a>&nbsp;&nbsp;Madame Figaro<\/li>\n<li><a href=\"https:\/\/news.google.com\/rss\/articles\/CBMingFBVV95cUxObFI2akg2c2VOaWQyZUFKUnRhLVlFTGJYalZsRE9CeG43QVVQYzVEQXRuVTRINmJheTNFeDc1WXZuY3IwbDVvMG5TRDhTbWpoWHJHeng0VlB1TWR6bkU3UmhsVF9DSk1wZlp5cWlZdThwVTZVOFlOVlFUOWlwTE9HTXFXcnhtMTFuaEoyZkwwMlphLTVUeFV6eWlSVXF3dw?oc=5\" target=\"_blank\" rel=\"noopener\">D\u00e9couvrez votre horoscope de la semaine du 9 au 15 juin 2025<\/a>&nbsp;&nbsp;20 Minutes<\/li>\n<li><a href=\"https:\/\/news.google.com\/rss\/articles\/CBMipgFBVV95cUxPci1Fc3l2b0NTUUJoSHJpVG00TWNjZnl3S3pHLUJLQWxPcXpnOHpuU2Q3cFJBUi03Ynd6SFV0V1ZRRF80X1pVd0JfMjNUMFlZd055WVlDczdmbTZnZEVfRVhCTVZNS0VBMXNTNXc0Z0EtdlJsbUpTNlo1dERxMjhnSnh0dElJak5Yck1KMXVYeGVIY1diZGlzX2lSNDdndFpEeHQ2RUpn?oc=5\" target=\"_blank\" rel=\"noopener\">L&rsquo;horoscope de l&rsquo;Expresso du Week-End du dimanche 8 juin 2025<\/a>&nbsp;&nbsp;RTL2.fr<\/li>\n<li><a href=\"https:\/\/news.google.com\/rss\/articles\/CBMiwgFBVV95cUxQWXM3NmtfeTJHcFBacThDNVA3a0NmT2F5NU45dDlIbzVOWW84Vk9COUh3bkFQV1hKTFQ4LU83OVFBTGlIZ2lwRkR3UUc1V3Q2LVRDZEJ6Vi1keG5oYjQxUlB3UlZyM0Q4Qmx1b2U5d2hvRnlwMk50YWRFY3VSVzdxbThRN0FjT1FQQ3RjQnFlLW15TmY4YXZZVkVMMkJXbHd3OG44aV9kZEpDWmtpQ21RN3ZBWnJiN1J1N0xKTUY2N1RCQQ?oc=5\" target=\"_blank\" rel=\"noopener\">Astro love : ce signe astrologique va voir son potentiel de s\u00e9duction \u00eatre \u00e0 son apog\u00e9e<\/a>&nbsp;&nbsp;Marie Claire<\/li>\n<li><a href=\"https:\/\/news.google.com\/rss\/articles\/CBMisAFBVV95cUxNVHhIQ0JCTWtoNjJSOHpHSXBtSlQyZGZtdWlRZG8yWnBudVItRkVyOTZGalppaUtPd1hqOXhpRmlFN1FuUXN2NE5mS3VLRTJ2VkZWRHdKbUhGOUJZUDlIX1ZQTlVfa2NFY1ZUbloyRi1SQzFOc2J6bXp3V3lFRDkyQ2hZd0dmdjJkdXRSWm92ZjdMSENOQW5DNDktbWNZY05ZT3YzbEhCUlZlcGJFMUJxcA?oc=5\" target=\"_blank\" rel=\"noopener\">L&rsquo;horoscope du dimanche 8 juin 2025<\/a>&nbsp;&nbsp;francebleu.fr<\/li>\n<\/ol>\n","protected":false},"excerpt":{"rendered":"Horoscope de demain : ces 3 signes vont rayonner (et inspirer les autres) ce lundi 9 juin&nbsp;&nbsp;Madame Figaro&hellip;\n","protected":false},"author":2,"featured_media":161732,"comment_status":"","ping_status":"","sticky":false,"template":"","format":"standard","meta":{"footnotes":""},"categories":[8],"tags":[167,158,156,159,163,166,58,59,1011,27,157,168,173,160,170,169,171,172,161,162,164,165],"class_list":{"0":"post-161731","1":"post","2":"type-post","3":"status-publish","4":"format-standard","5":"has-post-thumbnail","7":"category-divertissement","8":"tag-ascendants","9":"tag-astro","10":"tag-astrologie","11":"tag-astrologie-chinoise","12":"tag-chiffre-de-destinee","13":"tag-compatibilite-amoureuse","14":"tag-divertissement","15":"tag-entertainment","16":"tag-fr","17":"tag-france","18":"tag-horoscope","19":"tag-horoscope-amoureux","20":"tag-horoscope-annuel","21":"tag-horoscope-chinois","22":"tag-horoscope-de-la-semaine","23":"tag-horoscope-du-jour","24":"tag-horoscope-du-mois","25":"tag-horoscope-trimestriel","26":"tag-numerologie","27":"tag-numeroscopie","28":"tag-tarot","29":"tag-yi-king"},"share_on_mastodon":{"url":"https:\/\/pubeurope.com\/@fr\/114649690534712832","error":""},"_links":{"self":[{"href":"https:\/\/www.europesays.com\/fr\/wp-json\/wp\/v2\/posts\/161731","targetHints":{"allow":["GET"]}}],"collection":[{"href":"https:\/\/www.europesays.com\/fr\/wp-json\/wp\/v2\/posts"}],"about":[{"href":"https:\/\/www.europesays.com\/fr\/wp-json\/wp\/v2\/types\/post"}],"author":[{"embeddable":true,"href":"https:\/\/www.europesays.com\/fr\/wp-json\/wp\/v2\/users\/2"}],"replies":[{"embeddable":true,"href":"https:\/\/www.europesays.com\/fr\/wp-json\/wp\/v2\/comments?post=161731"}],"version-history":[{"count":0,"href":"https:\/\/www.europesays.com\/fr\/wp-json\/wp\/v2\/posts\/161731\/revisions"}],"wp:featuredmedia":[{"embeddable":true,"href":"https:\/\/www.europesays.com\/fr\/wp-json\/wp\/v2\/media\/161732"}],"wp:attachment":[{"href":"https:\/\/www.europesays.com\/fr\/wp-json\/wp\/v2\/media?parent=161731"}],"wp:term":[{"taxonomy":"category","embeddable":true,"href":"https:\/\/www.europesays.com\/fr\/wp-json\/wp\/v2\/categories?post=161731"},{"taxonomy":"post_tag","embeddable":true,"href":"https:\/\/www.europesays.com\/fr\/wp-json\/wp\/v2\/tags?post=161731"}],"curies":[{"name":"wp","href":"https:\/\/api.w.org\/{rel}","templated":true}]}}