{"id":161733,"date":"2025-06-08T20:43:11","date_gmt":"2025-06-08T20:43:11","guid":{"rendered":"https:\/\/www.europesays.com\/fr\/161733\/"},"modified":"2025-06-08T20:43:11","modified_gmt":"2025-06-08T20:43:11","slug":"un-galet-un-peu-docre-rouge-et-une-empreinte-digitale-et-si-cetait-la-premiere-oeuvre-dun-neandertalien","status":"publish","type":"post","link":"https:\/\/www.europesays.com\/fr\/161733\/","title":{"rendered":"Un galet, un peu d\u2019ocre rouge et une empreinte digitale&#8230; Et si c&rsquo;\u00e9tait la premi\u00e8re \u201c\u0153uvre\u201d d\u2019un N\u00e9andertalien ?"},"content":{"rendered":"<p data-start=\"279\" data-end=\"691\"><strong>Un galet, un peu d\u2019ocre<br \/>\nrouge, et une empreinte digitale. Voil\u00e0 tout ce qu\u2019il aura fallu<br \/>\npour raviver un d\u00e9bat passionnant sur les capacit\u00e9s symboliques de<br \/>\nnos cousins disparus : les <a href=\"https:\/\/sciencepost.fr\/une-decouverte-majeure-revele-une-competence-insoupconnee-chez-les-neandertaliens\/\" target=\"_blank\" rel=\"noopener nofollow\">N\u00e9andertaliens<\/a>. D\u00e9couverte dans<br \/>\nl\u2019abri sous roche de San L\u00e1zaro, au centre de l\u2019Espagne, cette<br \/>\npierre pourrait bien repr\u00e9senter l\u2019une des plus anciennes<br \/>\nexpressions faciales humaines connues\u2026 et elle ne vient pas de<br \/>\nnotre esp\u00e8ce.<\/strong><\/p>\n<p>Une empreinte vieille de 43 000<br \/>\nans<\/p>\n<p data-start=\"734\" data-end=\"1231\">La star de cette d\u00e9couverte est<br \/>\nun simple caillou, retrouv\u00e9 dans une couche s\u00e9dimentaire vieille<br \/>\nd\u2019environ 43 000 ans. Il porte sur une de ses faces une marque<br \/>\nrouge circulaire, clairement appos\u00e9e au doigt, dont les chercheurs<br \/>\nont pu relever une empreinte digitale n\u00e9andertalienne compl\u00e8te \u2014 la<br \/>\nplus d\u00e9taill\u00e9e jamais identifi\u00e9e \u00e0 ce jour. Une pr\u00e9c\u00e9dente<br \/>\nempreinte partielle avait \u00e9t\u00e9 trouv\u00e9e en Allemagne, mais celle-ci<br \/>\nse distingue par son int\u00e9gralit\u00e9 et, surtout, par son contexte<br \/>\nintrigant.<\/p>\n<p data-start=\"1233\" data-end=\"1626\">Ce point rouge n\u2019a rien d\u2019une<br \/>\ntache accidentelle. Il a \u00e9t\u00e9 appliqu\u00e9 d\u00e9lib\u00e9r\u00e9ment avec un doigt<br \/>\nimbib\u00e9 de pigment, selon les auteurs de l\u2019\u00e9tude publi\u00e9e dans<br \/>\n<a href=\"https:\/\/link.springer.com\/article\/10.1007\/s12520-025-02243-1\" target=\"_blank\" rel=\"noopener nofollow\">Archaeological and Anthropological Sciences.<\/a><br \/>\nL\u2019analyse r\u00e9v\u00e8le \u00e9galement que le galet ne pr\u00e9sente aucun signe<br \/>\nd\u2019utilisation pratique : ce n\u2019est ni un outil, ni un objet<br \/>\nfonctionnel, mais tr\u00e8s probablement un artefact symbolique.<\/p>\n<p>De l\u2019art ou une illusion de<br \/>\nl\u2019esprit ?<\/p>\n<p data-start=\"1672\" data-end=\"1997\">Ce qui rend ce galet si<br \/>\nfascinant, c\u2019est sa ressemblance troublante avec un visage humain.<br \/>\nLa marque rouge \u2014 probablement appos\u00e9e avec soin \u2014 se superpose \u00e0<br \/>\ndes d\u00e9pressions naturelles dans la pierre qui \u00e9voquent deux yeux,<br \/>\nune bouche et une sorte de nez. L\u2019ensemble forme une silhouette<br \/>\nfamili\u00e8re, presque expressive.<\/p>\n<p data-start=\"1999\" data-end=\"2243\">C\u2019est ici qu\u2019intervient un<br \/>\nph\u00e9nom\u00e8ne bien connu des psychologues : la par\u00e9idolie faciale,<br \/>\ncette tendance que nous avons \u00e0 reconna\u00eetre des visages l\u00e0 o\u00f9 il<br \/>\nn\u2019y en a pas vraiment \u2014 dans les nuages, les rochers, ou m\u00eame les<br \/>\nprises \u00e9lectriques.<\/p>\n<p data-start=\"2245\" data-end=\"2558\">La grande question pos\u00e9e par<br \/>\nles chercheurs est donc la suivante : est-ce que ce N\u00e9andertalien a<br \/>\nlui aussi per\u00e7u ce \u201cvisage\u201d dans la pierre, et a-t-il choisi de le<br \/>\nsouligner par ce geste symbolique\u202f? Ou bien s\u2019agit-il simplement<br \/>\nd\u2019une co\u00efncidence fortuite, interpr\u00e9t\u00e9e a posteriori par nos yeux<br \/>\nmodernes ?<\/p>\n<p data-start=\"2560\" data-end=\"2778\">Les auteurs ne tranchent pas,<br \/>\nmais soulignent que l\u2019intention symbolique ne peut pas \u00eatre exclue.<br \/>\nEt si elle est confirm\u00e9e, cela change radicalement notre vision des<br \/>\ncapacit\u00e9s cognitives de l\u2019Homo neanderthalensis.<\/p>\n<p><img loading=\"lazy\" data-lazyloaded=\"1\" decoding=\"async\" class=\"size-full wp-image-310982\" src=\"https:\/\/www.europesays.com\/fr\/wp-content\/uploads\/2025\/06\/neanderthal-fingerprint-pebble-l.webp.webp\" alt=\"n\u00e9andertalien empreinte\" width=\"1200\" height=\"947\"  data-\/><br \/>\nLe galet, avant et apr\u00e8s avoir \u00e9t\u00e9 enti\u00e8rement excav\u00e9, ressemble un<br \/>\npeu \u00e0 un visage. Cr\u00e9dit image : \u00c1lvarez-Alonso et al.\/Sciences<br \/>\narch\u00e9ologiques et anthropologiques 2025Les N\u00e9andertaliens, ces<br \/>\nartistes oubli\u00e9s<\/p>\n<p data-start=\"2826\" data-end=\"3167\">Pendant des d\u00e9cennies, les<br \/>\nN\u00e9andertaliens ont \u00e9t\u00e9 rel\u00e9gu\u00e9s au rang de brutes archa\u00efques, sans<br \/>\nlangage ni imagination. Mais ce clich\u00e9 s\u2019effrite depuis plusieurs<br \/>\nann\u00e9es. On sait aujourd\u2019hui qu\u2019ils enterraient leurs morts,<br \/>\nutilisaient des pigments, portaient des ornements, et ma\u00eetrisaient<br \/>\nsans doute certaines formes de communication complexe.<\/p>\n<p data-start=\"3169\" data-end=\"3538\">Ce galet pourrait donc<br \/>\ns\u2019inscrire dans un ensemble de comportements symboliques d\u00e9j\u00e0 bien<br \/>\ndocument\u00e9s, mais encore trop souvent attribu\u00e9s exclusivement \u00e0<br \/>\nnotre esp\u00e8ce. L\u2019id\u00e9e que les N\u00e9andertaliens aient pu, eux aussi,<br \/>\nressentir le besoin d\u2019exprimer des id\u00e9es, de repr\u00e9senter des<br \/>\nformes, voire de jouer avec les symboles, devient de plus en plus<br \/>\ndifficile \u00e0 r\u00e9futer.<\/p>\n<p>Une vision du monde plus<br \/>\nnuanc\u00e9e<\/p>\n<p data-start=\"3578\" data-end=\"3835\">En fin de compte, ce petit<br \/>\nobjet nous invite \u00e0 changer de regard sur les N\u00e9andertaliens. Non,<br \/>\nils n\u2019\u00e9taient pas de simples hominid\u00e9s rustiques, mais des \u00eatres<br \/>\ndot\u00e9s d\u2019\u00e9motions, de perceptions fines, et peut-\u00eatre m\u00eame d\u2019un sens<br \/>\ndu beau ou du myst\u00e8re.<\/p>\n<p data-start=\"3837\" data-end=\"4246\">La pr\u00e9sence de cette empreinte<br \/>\ndigitale \u2014 t\u00e9moin direct d\u2019un contact humain, vieux de plusieurs<br \/>\ndizaines de milliers d\u2019ann\u00e9es \u2014 renforce l\u2019intimit\u00e9 troublante que<br \/>\nnous partageons avec eux. Le geste qu\u2019elle capture n\u2019est peut-\u00eatre<br \/>\nrien de plus qu\u2019une pression d\u2019un doigt enduit d\u2019ocre sur une<br \/>\npierre. Mais il contient une intention, une curiosit\u00e9, peut-\u00eatre<br \/>\nm\u00eame une volont\u00e9 de marquer ou de signifier.<\/p>\n<p data-start=\"4248\" data-end=\"4414\">Et si cette intention \u00e9tait<br \/>\nartistique ? Si ce geste \u00e9tait l\u2019\u00e9quivalent d\u2019un premier coup de<br \/>\npinceau, ou d\u2019un \u00e9motic\u00f4ne pr\u00e9historique grav\u00e9 dans la m\u00e9moire du<br \/>\ntemps ?<\/p>\n<p>En r\u00e9sum\u00e9<\/p>\n<ul data-start=\"4436\" data-end=\"4978\">\n<li data-start=\"4436\" data-end=\"4560\">\n<p data-start=\"4438\" data-end=\"4560\">Un galet d\u00e9couvert en Espagne<br \/>\npr\u00e9sente une empreinte digitale n\u00e9andertalienne compl\u00e8te, associ\u00e9e<br \/>\n\u00e0 une tache d\u2019ocre rouge.<\/p>\n<\/li>\n<li data-start=\"4561\" data-end=\"4665\">\n<p data-start=\"4563\" data-end=\"4665\">L\u2019objet, non utilitaire,<br \/>\nsemble avoir \u00e9t\u00e9 d\u00e9lib\u00e9r\u00e9ment peint, et sa forme \u00e9voque un visage<br \/>\nhumain.<\/p>\n<\/li>\n<li data-start=\"4666\" data-end=\"4844\">\n<p data-start=\"4668\" data-end=\"4844\">Les chercheurs \u00e9voquent le<br \/>\nph\u00e9nom\u00e8ne de par\u00e9idolie pour expliquer cette interpr\u00e9tation, tout<br \/>\nen laissant ouverte l\u2019hypoth\u00e8se d\u2019une repr\u00e9sentation symbolique<br \/>\nvolontaire.<\/p>\n<\/li>\n<li data-start=\"4845\" data-end=\"4978\">\n<p data-start=\"4847\" data-end=\"4978\">Cette d\u00e9couverte renforce<br \/>\nl\u2019id\u00e9e que les N\u00e9andertaliens partageaient avec nous une forme de<br \/>\npens\u00e9e abstraite, voire artistique.<\/p>\n<\/li>\n<\/ul>\n","protected":false},"excerpt":{"rendered":"Un galet, un peu d\u2019ocre rouge, et une empreinte digitale. Voil\u00e0 tout ce qu\u2019il aura fallu pour raviver&hellip;\n","protected":false},"author":2,"featured_media":161734,"comment_status":"","ping_status":"","sticky":false,"template":"","format":"standard","meta":{"footnotes":""},"categories":[7],"tags":[1011,27,43,40,41,39,42,44],"class_list":{"0":"post-161733","1":"post","2":"type-post","3":"status-publish","4":"format-standard","5":"has-post-thumbnail","7":"category-sciences-et-technologies","8":"tag-fr","9":"tag-france","10":"tag-science","11":"tag-science-and-technology","12":"tag-sciences","13":"tag-sciences-et-technologies","14":"tag-technologies","15":"tag-technology"},"share_on_mastodon":{"url":"https:\/\/pubeurope.com\/@fr\/114649694541435571","error":""},"_links":{"self":[{"href":"https:\/\/www.europesays.com\/fr\/wp-json\/wp\/v2\/posts\/161733","targetHints":{"allow":["GET"]}}],"collection":[{"href":"https:\/\/www.europesays.com\/fr\/wp-json\/wp\/v2\/posts"}],"about":[{"href":"https:\/\/www.europesays.com\/fr\/wp-json\/wp\/v2\/types\/post"}],"author":[{"embeddable":true,"href":"https:\/\/www.europesays.com\/fr\/wp-json\/wp\/v2\/users\/2"}],"replies":[{"embeddable":true,"href":"https:\/\/www.europesays.com\/fr\/wp-json\/wp\/v2\/comments?post=161733"}],"version-history":[{"count":0,"href":"https:\/\/www.europesays.com\/fr\/wp-json\/wp\/v2\/posts\/161733\/revisions"}],"wp:featuredmedia":[{"embeddable":true,"href":"https:\/\/www.europesays.com\/fr\/wp-json\/wp\/v2\/media\/161734"}],"wp:attachment":[{"href":"https:\/\/www.europesays.com\/fr\/wp-json\/wp\/v2\/media?parent=161733"}],"wp:term":[{"taxonomy":"category","embeddable":true,"href":"https:\/\/www.europesays.com\/fr\/wp-json\/wp\/v2\/categories?post=161733"},{"taxonomy":"post_tag","embeddable":true,"href":"https:\/\/www.europesays.com\/fr\/wp-json\/wp\/v2\/tags?post=161733"}],"curies":[{"name":"wp","href":"https:\/\/api.w.org\/{rel}","templated":true}]}}