{"id":161735,"date":"2025-06-08T20:44:10","date_gmt":"2025-06-08T20:44:10","guid":{"rendered":"https:\/\/www.europesays.com\/fr\/161735\/"},"modified":"2025-06-08T20:44:10","modified_gmt":"2025-06-08T20:44:10","slug":"contacte-par-le-gouvernement-renault-envisage-de-produire-des-drones-en-ukraine","status":"publish","type":"post","link":"https:\/\/www.europesays.com\/fr\/161735\/","title":{"rendered":"\u00ab\u00a0Contact\u00e9\u00a0\u00bb par le gouvernement, Renault envisage de produire des drones en Ukraine"},"content":{"rendered":"<p>        <img decoding=\"async\" loading=\"lazy\" src=\"https:\/\/www.europesays.com\/fr\/wp-content\/uploads\/2025\/06\/4aa8779_1700040615001-000-343p8lh.jpg\"  width=\"728\" height=\"409\" alt=\"Renault a \u00e9t\u00e9 contact\u00e9 par le minist\u00e8re de la D\u00e9fense pour construire des dr\u00f4nes en Ukraine.\"\/>  <\/p>\n<p>LOIC VENANCE \/ AFP<\/p>\n<p>Renault a \u00e9t\u00e9 contact\u00e9 par le minist\u00e8re de la D\u00e9fense pour construire des dr\u00f4nes en Ukraine.<\/p>\n<p class=\"asset asset-text\">UKRAINE &#8211; Une grande premi\u00e8re. Le constructeur automobile fran\u00e7ais <a href=\"https:\/\/www.huffingtonpost.fr\/france\/article\/le-renault-scenic-e-tech-electrique-elu-voiture-de-l-annee-2024-devant-la-nouvelle-berline-serie-5-de-bmw_230376.html\" target=\"_blank\" rel=\"noopener\">Renault<\/a> a assur\u00e9 ce dimanche 8\u00a0juin avoir \u00e9t\u00e9 contact\u00e9 par<a href=\"https:\/\/www.huffingtonpost.fr\/politique\/video\/apres-le-mepris-de-j-d-vance-sur-l-armee-francaise-la-reponse-cinglante-de-sebastien-lecornu_247010.html\" target=\"_blank\" rel=\"noopener\"> le minist\u00e8re de la D\u00e9fense <\/a>pour s\u2019implanter en Ukraine afin d\u2019y produire des drones destin\u00e9s \u00e0 l\u2019arm\u00e9e ukrainienne et fran\u00e7aise.<\/p>\n<p class=\"asset asset-text\">\u00ab\u00a0Des \u00e9changes ont eu lieu, aucune d\u00e9cision n\u2019est prise \u00e0 ce stade car nous attendons notamment des pr\u00e9cisions sur ce projet de la part du minist\u00e8re\u00a0\u00bb, a indiqu\u00e9 Renault \u00e0 l\u2019AFP.<\/p>\n<p class=\"asset asset-text\">D\u2019apr\u00e8s <a href=\"https:\/\/www.franceinfo.fr\/monde\/europe\/manifestations-en-ukraine\/info-franceinfo-le-groupe-automobile-renault-va-produire-des-drones-en-ukraine_7299834.html\" target=\"_blank\" rel=\"noopener\" title=\"Nouvelle fen\u00eatre\">Franceinfo<\/a>, Renault et une PME de d\u00e9fense fran\u00e7aise pr\u00e9voient d\u2019ouvrir des lignes de production situ\u00e9es \u00ab\u00a0\u00e0 quelques dizaines ou centaines de kilom\u00e8tres du front\u00a0\u00bb en Ukraine.<\/p>\n<p class=\"asset asset-text\">Cette information sort deux jours apr\u00e8s une d\u00e9claration du ministre de la D\u00e9fense <a href=\"https:\/\/www.huffingtonpost.fr\/politique\/video\/gouvernement-barnier-sebastien-lecornu-ministre-des-armees-seule-personnalite-en-place-depuis-2017_239931.html\" target=\"_blank\" rel=\"noopener\">S\u00e9bastien Lecornu<\/a>, annon\u00e7ant \u00ab\u00a0un partenariat compl\u00e8tement in\u00e9dit o\u00f9 une grande entreprise produisant des voitures fran\u00e7aises (&#8230;) va s\u2019allier avec une PME de d\u00e9fense fran\u00e7aise pour armer des lignes de production en Ukraine pour \u00eatre capables de produire des drones\u00a0\u00bb.<\/p>\n<p>                     Au profit de l\u2019arm\u00e9e ukrainienne et de l\u2019arm\u00e9e fran\u00e7aise    <\/p>\n<p class=\"asset asset-text\">Ces drones, dont le mod\u00e8le n\u2019a pas \u00e9t\u00e9 pr\u00e9cis\u00e9, serviront avant tout \u00e0 l\u2019arm\u00e9e ukrainienne \u00ab\u00a0mais nous allons aussi en faire b\u00e9n\u00e9ficier nos propres arm\u00e9es fran\u00e7aises pour avoir en permanence un entra\u00eenement tactique, op\u00e9ratif qui colle \u00e0 la r\u00e9alit\u00e9\u00a0\u00bb du conflit en Ukraine, avait affirm\u00e9 S\u00e9bastien Lecornu vendredi.<\/p>\n<p class=\"asset asset-text\">L\u2019Ukraine entend utiliser en 2025 plus de 4,5\u00a0millions de drones, qui sont responsables de 70\u00a0% des destructions de mat\u00e9riels ennemis sur le front.<\/p>\n<p class=\"asset asset-text\">L\u2019arm\u00e9e fran\u00e7aise, qui dispose de quelques milliers de drones, cherche, elle, \u00e0 rattraper son retard dans le domaine. Pour S\u00e9bastien Lecornu, les Ukrainiens \u00ab\u00a0sont meilleurs que nous dans la capacit\u00e9 \u00e0 imaginer des drones et surtout \u00e0 \u00e9laborer la doctrine qui va autour\u00a0\u00bb. Ils fourniront \u00e9galement un retour d\u2019exp\u00e9rience de la fa\u00e7on dont ils utilisent ces drones dans cette guerre.<\/p>\n","protected":false},"excerpt":{"rendered":"LOIC VENANCE \/ AFP Renault a \u00e9t\u00e9 contact\u00e9 par le minist\u00e8re de la D\u00e9fense pour construire des dr\u00f4nes&hellip;\n","protected":false},"author":2,"featured_media":161736,"comment_status":"","ping_status":"","sticky":false,"template":"","format":"standard","meta":{"footnotes":""},"categories":[6],"tags":[35,33,34,1011,27,131,14,10651],"class_list":{"0":"post-161735","1":"post","2":"type-post","3":"status-publish","4":"format-standard","5":"has-post-thumbnail","7":"category-economie","8":"tag-business","9":"tag-economie","10":"tag-economy","11":"tag-fr","12":"tag-france","13":"tag-guerre-en-ukraine","14":"tag-international","15":"tag-renault"},"share_on_mastodon":{"url":"https:\/\/pubeurope.com\/@fr\/114649698530173116","error":""},"_links":{"self":[{"href":"https:\/\/www.europesays.com\/fr\/wp-json\/wp\/v2\/posts\/161735","targetHints":{"allow":["GET"]}}],"collection":[{"href":"https:\/\/www.europesays.com\/fr\/wp-json\/wp\/v2\/posts"}],"about":[{"href":"https:\/\/www.europesays.com\/fr\/wp-json\/wp\/v2\/types\/post"}],"author":[{"embeddable":true,"href":"https:\/\/www.europesays.com\/fr\/wp-json\/wp\/v2\/users\/2"}],"replies":[{"embeddable":true,"href":"https:\/\/www.europesays.com\/fr\/wp-json\/wp\/v2\/comments?post=161735"}],"version-history":[{"count":0,"href":"https:\/\/www.europesays.com\/fr\/wp-json\/wp\/v2\/posts\/161735\/revisions"}],"wp:featuredmedia":[{"embeddable":true,"href":"https:\/\/www.europesays.com\/fr\/wp-json\/wp\/v2\/media\/161736"}],"wp:attachment":[{"href":"https:\/\/www.europesays.com\/fr\/wp-json\/wp\/v2\/media?parent=161735"}],"wp:term":[{"taxonomy":"category","embeddable":true,"href":"https:\/\/www.europesays.com\/fr\/wp-json\/wp\/v2\/categories?post=161735"},{"taxonomy":"post_tag","embeddable":true,"href":"https:\/\/www.europesays.com\/fr\/wp-json\/wp\/v2\/tags?post=161735"}],"curies":[{"name":"wp","href":"https:\/\/api.w.org\/{rel}","templated":true}]}}