{"id":161745,"date":"2025-06-08T20:49:11","date_gmt":"2025-06-08T20:49:11","guid":{"rendered":"https:\/\/www.europesays.com\/fr\/161745\/"},"modified":"2025-06-08T20:49:11","modified_gmt":"2025-06-08T20:49:11","slug":"avinavita-en-concert-gratuit-ce-jeudi","status":"publish","type":"post","link":"https:\/\/www.europesays.com\/fr\/161745\/","title":{"rendered":"Avinavita en concert gratuit ce jeudi"},"content":{"rendered":"<p>Music on Jaur\u00e8s, c&rsquo;est une s\u00e9rie de concerts donn\u00e9s tous les jeudis \u00e0 18\u00a0h\u00a030, sur la place Jean Jaur\u00e8s, jusqu&rsquo;au 24\u00a0juillet. Cette semaine, les quatre musiciens d&rsquo;Avinavita vous embarquent dans un voyage musical au c\u0153ur de l&rsquo;Italie. Des tarentelles calabraises au pizzica des Pouilles, en passant par la tammurriata napolitaine, prenez part \u00e0 une grande f\u00eate musicale color\u00e9e, populaire et chaleureuse.<\/p>\n<p class=\"note\">Jeudi 12\u00a0juin \u00e0 18\u00a0h\u00a030. Place Jean Jaur\u00e8s. Gratuit. Renseignements\u00a0: www.saint-etienne.fr<\/p>\n","protected":false},"excerpt":{"rendered":"Music on Jaur\u00e8s, c&rsquo;est une s\u00e9rie de concerts donn\u00e9s tous les jeudis \u00e0 18\u00a0h\u00a030, sur la place Jean&hellip;\n","protected":false},"author":2,"featured_media":161746,"comment_status":"","ping_status":"","sticky":false,"template":"","format":"standard","meta":{"footnotes":""},"categories":[9653],"tags":[1111,11,2430,1687,7539,1777,674,1011,27,12,25,4001,7538,3140],"class_list":{"0":"post-161745","1":"post","2":"type-post","3":"status-publish","4":"format-standard","5":"has-post-thumbnail","7":"category-saint-etienne","8":"tag-actu","9":"tag-actualites","10":"tag-auvergne-rhone-alpes","11":"tag-culture-loisirs","12":"tag-edition-loire-sud","13":"tag-eu","14":"tag-europe","15":"tag-fr","16":"tag-france","17":"tag-news","18":"tag-republique-francaise","19":"tag-saint-etienne","20":"tag-saint-etienne-ville","21":"tag-spectacle"},"share_on_mastodon":{"url":"https:\/\/pubeurope.com\/@fr\/114649717999606978","error":""},"_links":{"self":[{"href":"https:\/\/www.europesays.com\/fr\/wp-json\/wp\/v2\/posts\/161745","targetHints":{"allow":["GET"]}}],"collection":[{"href":"https:\/\/www.europesays.com\/fr\/wp-json\/wp\/v2\/posts"}],"about":[{"href":"https:\/\/www.europesays.com\/fr\/wp-json\/wp\/v2\/types\/post"}],"author":[{"embeddable":true,"href":"https:\/\/www.europesays.com\/fr\/wp-json\/wp\/v2\/users\/2"}],"replies":[{"embeddable":true,"href":"https:\/\/www.europesays.com\/fr\/wp-json\/wp\/v2\/comments?post=161745"}],"version-history":[{"count":0,"href":"https:\/\/www.europesays.com\/fr\/wp-json\/wp\/v2\/posts\/161745\/revisions"}],"wp:featuredmedia":[{"embeddable":true,"href":"https:\/\/www.europesays.com\/fr\/wp-json\/wp\/v2\/media\/161746"}],"wp:attachment":[{"href":"https:\/\/www.europesays.com\/fr\/wp-json\/wp\/v2\/media?parent=161745"}],"wp:term":[{"taxonomy":"category","embeddable":true,"href":"https:\/\/www.europesays.com\/fr\/wp-json\/wp\/v2\/categories?post=161745"},{"taxonomy":"post_tag","embeddable":true,"href":"https:\/\/www.europesays.com\/fr\/wp-json\/wp\/v2\/tags?post=161745"}],"curies":[{"name":"wp","href":"https:\/\/api.w.org\/{rel}","templated":true}]}}