{"id":161752,"date":"2025-06-08T20:54:13","date_gmt":"2025-06-08T20:54:13","guid":{"rendered":"https:\/\/www.europesays.com\/fr\/161752\/"},"modified":"2025-06-08T20:54:13","modified_gmt":"2025-06-08T20:54:13","slug":"gregau-simpose-face-au-jury-a-castries-as-2","status":"publish","type":"post","link":"https:\/\/www.europesays.com\/fr\/161752\/","title":{"rendered":"Grega\u00fc s&rsquo;impose face au jury \u00e0 Castries (As)"},"content":{"rendered":"<p><strong>Course niveau As, concours de manades.\u00a0Troph\u00e9e Marcel Raynaud.\u00a0Entr\u00e9e : 3\/4.\u00a0Organisateur : ATC les manades. Pr\u00e9sident : N. Manchon.\u00a0D\u00e9l\u00e9gu\u00e9 : C. Clavel.\u00a0Raseteurs droitiers : Charrade. A, Laurier, Katif.\u00a0Gauchers : Assenat, Chanat, Martin.J.\u00a0Tourneurs : Bensalah, Jockin, Dumont.<\/strong><\/p>\n<p>La pitchiote Camargue en ouverture pour accompagner les tenues blanches venues se mesurer dans l&rsquo;antre castriote au b\u00e9tail pr\u00e9sent\u00e9 ce jour. La premi\u00e8re partie constitu\u00e9e d&rsquo;un bon ensemble fait all\u00e9grement ressortir Gallion qui met les aux hommes \u00e0 l&rsquo;ordre. Le retour d&rsquo;entracte sera \u00e9galement de bonne facture avec un Gr\u00e9ga\u00fc qui tire son \u00e9pingle du jeu mais la pr\u00e9f\u00e9rence du jury reviendra \u00e0 Grega\u00fc qui se montrera convaincant aux planches, remportant ainsi en duo avec Laurier le Troph\u00e9e du jour.<\/p>\n<p><strong>CAPUCIN (n\u00b0336, Cavallini, 15&prime;).<\/strong> &#8211; Il court et pers ses attributs en cinquante secondes avant de prendre place et r\u00e9pondre aux multiples reprises, signant \u00e0 la 3\u00e8me une envol\u00e9e sur Laurier. Suite \u00e0 quoi, il change de terrain pour s&rsquo;engager sur des rasets arr\u00eat\u00e9s o\u00f9 il se bonifie. 2 Carmen et retour.<\/p>\n<p><strong>GALLION (n\u00b0446, Lautier, 15&prime;).<\/strong> &#8211; D&rsquo;entr\u00e9e, il enferme Martin puis c\u00e8de son ruban \u00e0 Katif. L\u00e0, c&rsquo;est du s\u00e9rieux et \u00e7a anticipe bien. Gallion domine la partie d&rsquo;un bout \u00e0 l&rsquo;autre avec beaucoup d&rsquo;intelligence et reste ma\u00eetre de la piste.\u00a02 Carmen et retour.<\/p>\n<p><strong>MEYRUEIS (n\u00b0608, Lafon, 15&prime;).<\/strong> &#8211; Chaud comme la braise, il se jette dans l&rsquo;antre avant de se reprendre et laisser les blancs venir \u00e0 sa rencontre pour des \u00e9changes plus appliqu\u00e9s qui font retentir la musique avec m\u00e9rite.\u00a06 Carmen et retour<\/p>\n<p><strong>RADON<\/strong> <strong>(n\u00b0569, Cuill\u00e9, 15&prime;).<\/strong> &#8211; Il signe une entr\u00e9e percutante sur Laurier avant de se faire d\u00e9pouiller et de se canaliser ensuite sur ses marques pour r\u00e9pondre \u00e0 quelques s\u00e9ries appliqu\u00e9es, gratifiant au passage les hommes de quelques anticipations, avant de laisser filer sa ficelle dans la main de Katif.\u00a04 Carmen et retour.<\/p>\n<p><strong>DANCA\u00cfRE (n\u00b0546, Raynaud, 15&prime;).<\/strong> \u2013 Quinze secondes et d&rsquo;un trait on passe au pelotes, avant que le biou ne r\u00e9agisse avec plus de d\u00e9termination pour s&rsquo;affranchir des assauts lanc\u00e9s par la troupe. Le ton se durcit, son \u0153il avis\u00e9 et son agressivit\u00e9 font le reste et lui donnent l&rsquo;avantage pour exceller au jeu.\u00a05 Carmen et retour.<\/p>\n<p><strong>GREGA\u00dc\u00a0(n\u00b0624, Rambier Cavallini, 15&prime;).<\/strong> &#8211; Touch\u00e9 aux attributs, il se durcit vite fait bien fait avant de c\u00e9der son ruban \u00e0 Katif \u00e0 la 3\u00e8me. Aux bobines, il faut aller le chercher dans son terrain pour le voir s&rsquo;engager avec plus de conviction et finir \u00e0 plusieurs reprises sur les planches ce qui enchante Carmen.\u00a05 Carmen et retour.<\/p>\n<p><strong>DALI (n\u00b0806, Saumade, 10&prime;).<\/strong> &#8211; Il finit par trouver son terrain pour lancer de belles charges au cul de ses adversaires, assure quelques finitions rondement men\u00e9es gratifi\u00e9es par Bizet et laisse entrevoir de bons espoirs.\u00a04 Carmen et retour.<\/p>\n<p>Classement Troph\u00e9e As : Katif (11,5). Martin.J (6), Laurier (5), Assenat (1).\u00a0Troph\u00e9e Avenir : Chanat (2).<\/p>\n","protected":false},"excerpt":{"rendered":"Course niveau As, concours de manades.\u00a0Troph\u00e9e Marcel Raynaud.\u00a0Entr\u00e9e : 3\/4.\u00a0Organisateur : ATC les manades. Pr\u00e9sident : N. Manchon.\u00a0D\u00e9l\u00e9gu\u00e9&hellip;\n","protected":false},"author":2,"featured_media":47998,"comment_status":"","ping_status":"","sticky":false,"template":"","format":"standard","meta":{"footnotes":""},"categories":[9599],"tags":[17,1111,11,13912,29264,6466,1777,674,2823,1011,27,29262,20497,2831,2208,12,2680,25,29263],"class_list":{"0":"post-161752","1":"post","2":"type-post","3":"status-publish","4":"format-standard","5":"has-post-thumbnail","7":"category-montpellier","8":"tag-17","9":"tag-actu","10":"tag-actualites","11":"tag-camarguaise","12":"tag-castries","13":"tag-course","14":"tag-eu","15":"tag-europe","16":"tag-face","17":"tag-fr","18":"tag-france","19":"tag-gregau","20":"tag-jury","21":"tag-loisirs-traditions","22":"tag-montpellier","23":"tag-news","24":"tag-occitanie","25":"tag-republique-francaise","26":"tag-simpose"},"share_on_mastodon":{"url":"https:\/\/pubeurope.com\/@fr\/114649737876482738","error":""},"_links":{"self":[{"href":"https:\/\/www.europesays.com\/fr\/wp-json\/wp\/v2\/posts\/161752","targetHints":{"allow":["GET"]}}],"collection":[{"href":"https:\/\/www.europesays.com\/fr\/wp-json\/wp\/v2\/posts"}],"about":[{"href":"https:\/\/www.europesays.com\/fr\/wp-json\/wp\/v2\/types\/post"}],"author":[{"embeddable":true,"href":"https:\/\/www.europesays.com\/fr\/wp-json\/wp\/v2\/users\/2"}],"replies":[{"embeddable":true,"href":"https:\/\/www.europesays.com\/fr\/wp-json\/wp\/v2\/comments?post=161752"}],"version-history":[{"count":0,"href":"https:\/\/www.europesays.com\/fr\/wp-json\/wp\/v2\/posts\/161752\/revisions"}],"wp:featuredmedia":[{"embeddable":true,"href":"https:\/\/www.europesays.com\/fr\/wp-json\/wp\/v2\/media\/47998"}],"wp:attachment":[{"href":"https:\/\/www.europesays.com\/fr\/wp-json\/wp\/v2\/media?parent=161752"}],"wp:term":[{"taxonomy":"category","embeddable":true,"href":"https:\/\/www.europesays.com\/fr\/wp-json\/wp\/v2\/categories?post=161752"},{"taxonomy":"post_tag","embeddable":true,"href":"https:\/\/www.europesays.com\/fr\/wp-json\/wp\/v2\/tags?post=161752"}],"curies":[{"name":"wp","href":"https:\/\/api.w.org\/{rel}","templated":true}]}}