{"id":161765,"date":"2025-06-08T21:07:10","date_gmt":"2025-06-08T21:07:10","guid":{"rendered":"https:\/\/www.europesays.com\/fr\/161765\/"},"modified":"2025-06-08T21:07:10","modified_gmt":"2025-06-08T21:07:10","slug":"depuis-nice-emmanuel-macron-reitere-son-appel-a-la-mobilisation-pour-les-oceans","status":"publish","type":"post","link":"https:\/\/www.europesays.com\/fr\/161765\/","title":{"rendered":"Depuis Nice, Emmanuel Macron r\u00e9it\u00e8re son appel \u00e0 la mobilisation pour les oc\u00e9ans"},"content":{"rendered":"<p style=\"text-align:justify;\">AA\/Nice\/Fe\u00efza Ben Mohamed<\/p>\n<p style=\"text-align:justify;\">Le Pr\u00e9sident fran\u00e7ais Emmanuel Macron a renouvel\u00e9, dimanche depuis Nice, o\u00f9 s\u2019ouvrira lundi la 3\u00e8me conf\u00e9rence des Nations Unies pour l\u2019oc\u00e9an, son appel \u00e0 la mobilisation des toutes les forces pour la biodiversit\u00e9 et les oc\u00e9ans.<\/p>\n<p style=\"text-align:justify;\">\u00ab Ce que l\u2019on veut faire sur la biodiversit\u00e9 et les oc\u00e9ans, c\u2019est ce qu\u2019on a historiquement fait sur le carbone, mais il faut bien dire que sur le carbone on a eu parfois une m\u00e9thodologie qui s\u2019est un peu rel\u00e2ch\u00e9e \u00bb a-t-il d\u00e9clar\u00e9.<\/p>\n<p style=\"text-align:justify;\">Au terme d\u2019une visite de l\u2019exposition de \u00ab La Baleine \u00bb install\u00e9e au c\u0153ur de la capitale azur\u00e9enne, le chef de l\u2019Etat a plaid\u00e9 pour \u00ab inciter ceux qui ont des activit\u00e9s qui ne sont pas bonnes pour le carbone et la biodiversit\u00e9 \u00e0 financer ces activit\u00e9s qui sont bonnes \u00bb.<\/p>\n<p style=\"text-align:justify;\">\u00ab S\u2019il y a une bonne m\u00e9thodologie, on va acc\u00e9l\u00e9rer la transition \u00bb a-t-il fait valoir, reconnaissant n\u00e9anmoins qu\u2019on \u00ab ne passer pas du jour au lendemain \u00e0 un monde qui pollue et qui est mauvais pour la biodiversit\u00e9, \u00e0 un monde qui est bon et qui la prot\u00e8ge et la restaure \u00bb.<\/p>\n<p style=\"text-align:justify;\">Et de poursuivre: \u00ab Si on a les bons syst\u00e8mes de mesures et d\u2019incitation, on y arrivera \u00bb.<\/p>\n<p style=\"text-align:justify;\">Au terme de ce discours, Emmanuel et Brigitte Macron doivent accueillir des chefs d\u2019Etats et de gouvernements, au Negresco, pour un d\u00eener d\u00e9di\u00e9 \u00e0 l\u2019ouverture de cette 3\u00e8me conf\u00e9rence des Nations Unies pour l\u2019oc\u00e9an.<\/p>\n<p style=\"text-align:justify;\">Cet \u00e9v\u00e8nement, co-pr\u00e9sid\u00e9 par la France et le Costa-Rica, s\u2019ouvrira de mani\u00e8re officielle lundi matin, par un discours des pr\u00e9sidents des deux pays, accompagn\u00e9s du secr\u00e9taire g\u00e9n\u00e9ral des Nations Unies, Antonio Guterres.<\/p>\n<p style=\"text-align:justify;\">Au total, l\u2019Elys\u00e9e annonce que 63 chefs d\u2019Etats et de gouvernements du monde entier.<\/p>\n<p style=\"text-align:justify;\">L\u2019\u00e9v\u00e8nement, qui doit durer jusqu\u2019au jeudi 13 juin, constitue une \u00e9tape diplomatique et financi\u00e8re cl\u00e9, en faveur des oc\u00e9ans.<\/p>\n<p>                            &#13;<br \/>\n                                <a href=\"https:\/\/www.aa.com.tr\/fr\/p\/abonnement\/1001\" target=\"_blank\" style=\"font-size:12px; color:#444; text-decoration:none;\" rel=\"nofollow noopener\">&#13;<br \/>\n                                    Seulement une partie des d\u00e9p\u00eaches, que l&rsquo;Agence Anadolu diffuse \u00e0 ses abonn\u00e9s via le Syst\u00e8me de Diffusion interne (HAS), est diffus\u00e9e sur le site de l&rsquo;AA, de mani\u00e8re r\u00e9sum\u00e9e. <b style=\"color:#1897F7\">Contactez-nous s&rsquo;il vous pla\u00eet pour vous abonner.<\/b>&#13;<br \/>\n                                <\/a>&#13;<\/p>\n","protected":false},"excerpt":{"rendered":"AA\/Nice\/Fe\u00efza Ben Mohamed Le Pr\u00e9sident fran\u00e7ais Emmanuel Macron a renouvel\u00e9, dimanche depuis Nice, o\u00f9 s\u2019ouvrira lundi la 3\u00e8me&hellip;\n","protected":false},"author":2,"featured_media":161766,"comment_status":"","ping_status":"","sticky":false,"template":"","format":"standard","meta":{"footnotes":""},"categories":[2819],"tags":[1111,11,1785,29418,1777,674,1011,27,12,2401,882,25],"class_list":{"0":"post-161765","1":"post","2":"type-post","3":"status-publish","4":"format-standard","5":"has-post-thumbnail","7":"category-nice","8":"tag-actu","9":"tag-actualites","10":"tag-anadolu-ajansi","11":"tag-emanuel-macron","12":"tag-eu","13":"tag-europe","14":"tag-fr","15":"tag-france","16":"tag-news","17":"tag-nice","18":"tag-provence-alpes-cote-dazur","19":"tag-republique-francaise"},"share_on_mastodon":{"url":"https:\/\/pubeurope.com\/@fr\/114649788748949640","error":""},"_links":{"self":[{"href":"https:\/\/www.europesays.com\/fr\/wp-json\/wp\/v2\/posts\/161765","targetHints":{"allow":["GET"]}}],"collection":[{"href":"https:\/\/www.europesays.com\/fr\/wp-json\/wp\/v2\/posts"}],"about":[{"href":"https:\/\/www.europesays.com\/fr\/wp-json\/wp\/v2\/types\/post"}],"author":[{"embeddable":true,"href":"https:\/\/www.europesays.com\/fr\/wp-json\/wp\/v2\/users\/2"}],"replies":[{"embeddable":true,"href":"https:\/\/www.europesays.com\/fr\/wp-json\/wp\/v2\/comments?post=161765"}],"version-history":[{"count":0,"href":"https:\/\/www.europesays.com\/fr\/wp-json\/wp\/v2\/posts\/161765\/revisions"}],"wp:featuredmedia":[{"embeddable":true,"href":"https:\/\/www.europesays.com\/fr\/wp-json\/wp\/v2\/media\/161766"}],"wp:attachment":[{"href":"https:\/\/www.europesays.com\/fr\/wp-json\/wp\/v2\/media?parent=161765"}],"wp:term":[{"taxonomy":"category","embeddable":true,"href":"https:\/\/www.europesays.com\/fr\/wp-json\/wp\/v2\/categories?post=161765"},{"taxonomy":"post_tag","embeddable":true,"href":"https:\/\/www.europesays.com\/fr\/wp-json\/wp\/v2\/tags?post=161765"}],"curies":[{"name":"wp","href":"https:\/\/api.w.org\/{rel}","templated":true}]}}