{"id":16177,"date":"2025-04-11T00:34:13","date_gmt":"2025-04-11T00:34:13","guid":{"rendered":"https:\/\/www.europesays.com\/fr\/16177\/"},"modified":"2025-04-11T00:34:13","modified_gmt":"2025-04-11T00:34:13","slug":"nice-emirates-lui-offre-des-billets-davion-lincroyable-surprise-pour-delphine","status":"publish","type":"post","link":"https:\/\/www.europesays.com\/fr\/16177\/","title":{"rendered":"Nice. Emirates lui offre des billets d&rsquo;avion : l&rsquo;incroyable surprise pour Delphine"},"content":{"rendered":"<p>            Par<br \/>\n        <strong><br \/>\n            <a href=\"https:\/\/actu.fr\/auteur\/manon-reinhardt\" title=\"Consulter tous les articles de Manon Reinhardt\" rel=\"nofollow noopener\" target=\"_blank\">Manon Reinhardt<\/a><br \/>\n        <\/strong><\/p>\n<p>        Publi\u00e9 le<\/p>\n<p>            9 avr. 2025 \u00e0 17h44        <\/p>\n<p>Elle a d\u2019abord cru \u00e0 une blague. Ce mercredi 9\u00a0avril 2025, Emirates f\u00eatait ses trois millions de voyageurs sur la ligne quotidienne entre <a href=\"https:\/\/actu.fr\/provence-alpes-cote-d-azur\/nice_06088\" rel=\"nofollow noopener\" target=\"_blank\">Nice<\/a> et Duba\u00ef, op\u00e9r\u00e9e par le c\u00e9l\u00e8bre A380. L\u2019occasion de faire plaisir au passager qui franchit <strong>ce cap symbolique.<\/strong><\/p>\n<p class=\" wall-content\">Et c\u2019est tomb\u00e9 sur Delphine qui a la belle et grande surprise de se voir remettre quatre billets d\u2019avion\u2026 gratuitement\u2009!<\/p>\n<p>Deux allers-retours gratuits pour Delphine<\/p>\n<p class=\" wall-content\">On peut dire que c\u2019est un sacr\u00e9 cadeau. La compagnie Emirates a offert plusieurs billets d\u2019avion \u00e0 la trois millioni\u00e8me passag\u00e8re de la ligne Nice-Duba\u00ef, ouverte depuis 31\u00a0ans, et op\u00e9r\u00e9e depuis 2017 par le A380.<\/p>\n<p class=\" wall-content\">C\u2019est Delphine, qui faisait partie des voyageurs de la liaison ce mercredi, qui a franchi ce cap tr\u00e8s symbolique. Alors, aux grandes occasions les grands moyens\u2009: deux allers-retours lui ont \u00e9t\u00e9 donn\u00e9s pour f\u00eater cela.<\/p>\n<p class=\" wall-content\"><strong>Le directeur d\u2019Emirates France<\/strong>, C\u00e9dric Renard, lui a remis en main propre devant les guichets d\u2019enregistrement du terminal 2, en grande pompe.<\/p>\n<p>Vid\u00e9os : en ce moment sur Actu<br \/>\n      <img   decoding=\"async\" loading=\"lazy\" src=\"https:\/\/www.europesays.com\/fr\/wp-content\/uploads\/2025\/04\/emirates-nice-dubai-960x640.jpeg\" alt=\"Delphine et ses enfants ont re\u00e7u les incroyables cadeaux en grande pompe en plein terminal 2 \u00e0 l'a\u00e9roport.\" width=\"960\" height=\"640\"\/><br \/>\n    Delphine et ses enfants ont re\u00e7u les incroyables cadeaux en grande pompe en plein terminal 2 \u00e0 l\u2019a\u00e9roport. (\u00a9Manon Reinhardt \/ actu Nice)\u00ab\u2009On a cru \u00e0 une plaisanterie\u2009\u00bb<\/p>\n<p class=\" wall-content\">C\u2019est il y a \u00e0 peine quelques jours que l\u2019Azur\u00e9enne de 46\u00a0ans a \u00e9t\u00e9 mise au courant de l\u2019incroyable nouvelle. Au d\u00e9part, elle n\u2019y croyait pas vraiment.<\/p>\n<blockquote class=\"ac-article-quote wall-content\">\n<p>On a \u00e9t\u00e9 surpris, tr\u00e8s \u00e9tonn\u00e9s. Ce n&rsquo;est pas commun ! On a cru \u00e0 une plaisanterie ou un genre d&rsquo;arnaque comme on en voit sur les r\u00e9seaux. Mais finalement j&rsquo;ai v\u00e9rifi\u00e9 sur Linkedin, j&rsquo;ai vu que les personnes qui nous avaient contact\u00e9s existaient vraiment et travaillaient chez Emirates !<\/p>\n<p>    <strong>Delphine<\/strong><br \/>\n        Trois millioni\u00e8me passag\u00e8re de Nice-Dubai     <\/p><\/blockquote>\n<p class=\" wall-content\">Son \u00e9poux travaille en Arabie Saoudite et vole r\u00e9guli\u00e8rement avec Emirates. Delphine fait le trajet au moins <strong>trois fois par an<\/strong>. \u00ab\u2009Chaque vacance, on part pour qu\u2019il puisse voir les enfants, puis une fois par mois il fait les allers-retours pour venir nous voir\u2009\u00bb.<\/p>\n<p>D\u2019une valeur d\u2019environ 1\u2009500\u00a0euros<\/p>\n<p class=\" wall-content\">Et toujours avec la m\u00eame compagnie depuis une dizaine d\u2019ann\u00e9es. <strong>Un choix assum\u00e9<\/strong>. \u00ab\u2009On a essay\u00e9 avec d\u2019autres prestataires et sans vous mentir \u00e7a a \u00e9t\u00e9 une catastrophe. On m\u2019a cass\u00e9 ma poussette, on vous perd des bagages. Tout cela ne m\u2019est jamais arriv\u00e9 avec Emirates\u2009\u00bb, se r\u00e9jouit la passag\u00e8re.<\/p>\n<p class=\" wall-content\">Si son mari \u00ab\u2009ne compte plus\u2009\u00bb ses trajets, \u00ab\u2009il est platinium\u2009\u00bb, leurs cinq enfants ont eux aussi d\u00e9j\u00e0 beaucoup de vols au compteur. En tout cas, elle se souviendra sans doute longtemps de celui du 9\u00a0avril 2025, o\u00f9 elle a b\u00e9n\u00e9fici\u00e9 de billets gratuits en classe \u00e9conomique.<\/p>\n<p>      <img   decoding=\"async\" loading=\"lazy\" src=\"https:\/\/www.europesays.com\/fr\/wp-content\/uploads\/2025\/04\/emirates-nice-3-960x640.jpeg\" alt=\"Le directeur de l'a\u00e9roport de Nice, Franck Goldnadel, \u00e9tait \u00e9galement pr\u00e9sent pour la remise de ce cadeau hors norme.\" width=\"960\" height=\"640\"\/><br \/>\n    C\u00e9dric Renard, directeur Emirates France et Franck Goldnadel,, directeur de l\u2019a\u00e9roport de Nice, \u00e9taient \u00e9galement pr\u00e9sents pour la remise de ce cadeau hors norme. (\u00a9Manon Reinhardt \/ actu Nice)<\/p>\n<p class=\" wall-content\">Un cadeau d\u2019une valeur globale d\u2019environ 1\u2009500 euros. Une place similaire dans l\u2019A380 co\u00fbte <strong>entre 750 et 800\u00a0euros<\/strong> pour un aller-retour. \u00ab\u2009C\u2019est bien aussi d\u2019\u00eatre r\u00e9compens\u00e9 pour notre fid\u00e9lit\u00e9. C\u2019est sympa. L\u2019a\u00e9roport m\u2019a plac\u00e9 aussi directement en platinium\u2009\u00bb. Les six heures de vols seront savour\u00e9es\u2009!<\/p>\n<p class=\" wall-content\">Suivez toute l\u2019actualit\u00e9 de vos villes et m\u00e9dias favoris en vous inscrivant \u00e0 <a href=\"https:\/\/moncompte.actu.fr\" title=\"D\u00e9couvez Mon Actu\" rel=\"nofollow noopener\" data-trk=\"{&quot;cta&quot;:{&quot;action&quot;:&quot;https:\\\/\\\/moncompte.actu.fr&quot;,&quot;category&quot;:&quot;mon compte&quot;,&quot;from&quot;:&quot;article footer&quot;,&quot;name&quot;:&quot;Mon actu&quot;,&quot;type&quot;:&quot;cta&quot;}}\" target=\"_blank\">Mon Actu<\/a>.<\/p>\n","protected":false},"excerpt":{"rendered":"Par Manon Reinhardt Publi\u00e9 le 9 avr. 2025 \u00e0 17h44 Elle a d\u2019abord cru \u00e0 une blague. Ce&hellip;\n","protected":false},"author":2,"featured_media":16178,"comment_status":"","ping_status":"","sticky":false,"template":"","format":"standard","meta":{"footnotes":""},"categories":[2819],"tags":[1111,11,1777,674,1011,27,1757,12,2401,2897,882,25],"class_list":{"0":"post-16177","1":"post","2":"type-post","3":"status-publish","4":"format-standard","5":"has-post-thumbnail","7":"category-nice","8":"tag-actu","9":"tag-actualites","10":"tag-eu","11":"tag-europe","12":"tag-fr","13":"tag-france","14":"tag-insolite","15":"tag-news","16":"tag-nice","17":"tag-nice-cote-dazur","18":"tag-provence-alpes-cote-dazur","19":"tag-republique-francaise"},"share_on_mastodon":{"url":"https:\/\/pubeurope.com\/@fr\/114316526459971354","error":""},"_links":{"self":[{"href":"https:\/\/www.europesays.com\/fr\/wp-json\/wp\/v2\/posts\/16177","targetHints":{"allow":["GET"]}}],"collection":[{"href":"https:\/\/www.europesays.com\/fr\/wp-json\/wp\/v2\/posts"}],"about":[{"href":"https:\/\/www.europesays.com\/fr\/wp-json\/wp\/v2\/types\/post"}],"author":[{"embeddable":true,"href":"https:\/\/www.europesays.com\/fr\/wp-json\/wp\/v2\/users\/2"}],"replies":[{"embeddable":true,"href":"https:\/\/www.europesays.com\/fr\/wp-json\/wp\/v2\/comments?post=16177"}],"version-history":[{"count":0,"href":"https:\/\/www.europesays.com\/fr\/wp-json\/wp\/v2\/posts\/16177\/revisions"}],"wp:featuredmedia":[{"embeddable":true,"href":"https:\/\/www.europesays.com\/fr\/wp-json\/wp\/v2\/media\/16178"}],"wp:attachment":[{"href":"https:\/\/www.europesays.com\/fr\/wp-json\/wp\/v2\/media?parent=16177"}],"wp:term":[{"taxonomy":"category","embeddable":true,"href":"https:\/\/www.europesays.com\/fr\/wp-json\/wp\/v2\/categories?post=16177"},{"taxonomy":"post_tag","embeddable":true,"href":"https:\/\/www.europesays.com\/fr\/wp-json\/wp\/v2\/tags?post=16177"}],"curies":[{"name":"wp","href":"https:\/\/api.w.org\/{rel}","templated":true}]}}