{"id":161772,"date":"2025-06-08T21:13:09","date_gmt":"2025-06-08T21:13:09","guid":{"rendered":"https:\/\/www.europesays.com\/fr\/161772\/"},"modified":"2025-06-08T21:13:09","modified_gmt":"2025-06-08T21:13:09","slug":"sport-le-fenix-en-europe-le-stade-toulousain-en-meforme-les-resultats-de-la-semaine-a-toulouse","status":"publish","type":"post","link":"https:\/\/www.europesays.com\/fr\/161772\/","title":{"rendered":"Sport. Le Fenix en Europe, le Stade Toulousain en m\u00e9forme\u2026 Les r\u00e9sultats de la semaine \u00e0 Toulouse"},"content":{"rendered":"<p>            Par<br \/>\n        <strong><br \/>\n            <a href=\"https:\/\/actu.fr\/auteur\/pateau-adrien\" title=\"Consulter tous les articles de Pateau Adrien\" rel=\"nofollow noopener\" target=\"_blank\">Pateau Adrien<\/a><br \/>\n        <\/strong><\/p>\n<p>        Publi\u00e9 le<\/p>\n<p>            8 juin 2025 \u00e0 20h02        <\/p>\n<p>La saison est presque finie \u00e0 <strong><a href=\"https:\/\/actu.fr\/toulouse\/sports\" rel=\"nofollow noopener\" target=\"_blank\">Toulouse<\/a><\/strong>\u2026 Le <strong>Fenix<\/strong> et <strong>Montauban<\/strong> la terminent en beaut\u00e9, tandis que le <a href=\"https:\/\/actu.fr\/tag\/stade-toulousain\" rel=\"nofollow noopener\" target=\"_blank\"><strong>Stade Toulousain<\/strong><\/a> finit difficilement la saison r\u00e9guli\u00e8re. R\u00e9sum\u00e9 express des tops et du flop de la semaine, du mercredi 4 au dimanche 8 juin 2025 !<\/p>\n<p>Fenix (Starligue)<\/p>\n<p class=\" wall-content\">C\u2019\u00e9tait une longue, mais belle semaine, c\u00f4t\u00e9 <strong>handball<\/strong>. Le <strong>Fenix Toulouse<\/strong> a termin\u00e9 sa saison en fanfare avec deux victoires d\u00e9cisives ! Mercredi, les Toulousains ont domin\u00e9 (39-32)\u00a0 <strong>Dunkerque<\/strong> \u00e0 domicile gr\u00e2ce \u00e0 une performance collective ma\u00eetris\u00e9e et des individualit\u00e9s en feu comme Feuchtmann, Giraudeau et Jarry.<\/p>\n<p class=\" wall-content\">Puis, samedi \u00e0 <strong>Cr\u00e9teil<\/strong>, les hommes d\u2019Andjelkovic ont verrouill\u00e9 l\u2019affaire sans trembler (26-37). Appliqu\u00e9s, s\u00e9rieux et largement sup\u00e9rieurs, ils s\u2019offrent une deuxi\u00e8me qualification directe cons\u00e9cutive en Ligue europ\u00e9enne\u2026 malgr\u00e9 le 12e budget de la Starligue et une cascade de blessures. Chapeau bas.<\/p>\n<p class=\" wall-content\">\n<p>Montauban (Pro D2)<\/p>\n<p class=\" wall-content\">Un petit mot pour les voisins de Montauban, qui r\u00e9ussissent l\u00e0 o\u00f9 Colomiers a \u00e9chou\u00e9.<\/p>\n<p class=\" wall-content\">Les Montalbanais d\u00e9crochent leur ticket pour le Top 14 en renversant <strong>Grenoble<\/strong> (24-19) en finale de Pro D2. Longtemps dominateurs, les Is\u00e9rois ont but\u00e9 sur l\u2019efficacit\u00e9 de l\u2019USM et le pied chirurgical de J\u00e9r\u00f4me Bosviel. Port\u00e9s par un drop au buzzer de la premi\u00e8re mi-temps puis un essai de 80 m\u00e8tres de leur capitaine Fred Quercy, les Tarn-et-Garonnais ont r\u00e9sist\u00e9 jusqu\u2019au bout pour valider une mont\u00e9e h\u00e9ro\u00efque. Un an apr\u00e8s avoir fr\u00f4l\u00e9 la rel\u00e9gation, Montauban retrouve l\u2019\u00e9lite 15 ans apr\u00e8s l\u2019avoir quitt\u00e9.<\/p>\n<p>Vid\u00e9os : en ce moment sur Actu<\/p>\n<p class=\" wall-content\">\n<p>Stade Toulousain (Top 14)<\/p>\n<p class=\" wall-content\">Le <strong>Stade Toulousain<\/strong> termine la phase r\u00e9guli\u00e8re par un match spectaculaire\u2026 et une d\u00e9faite (42-35) sur la pelouse de <strong>Perpignan<\/strong>. Les Rouge et Noir ont longtemps men\u00e9 au score avant de c\u00e9der en fin de rencontre face \u00e0 un USAP port\u00e9e par son public et la n\u00e9cessit\u00e9 de gagner pour esp\u00e9rer se maintenir. Malgr\u00e9 des essais sign\u00e9s Ntamack, Delibes et Graou, Toulouse a craqu\u00e9 dans les vingt derni\u00e8res minutes. \u00c0 noter : l\u2019inqui\u00e9tante sortie sur blessure d\u2019Ange Capuozzo.<\/p>\n<p class=\" wall-content\">\n<p class=\" wall-content\">Il n\u2019y aura pas de rencontre la semaine prochaine, mais le Stade rejouera le <strong>vendredi 20 juin<\/strong> en demi-finale de Top 14, contre le vainqueur du barrage entre Bayonne et Clermont.<\/p>\n<p class=\" wall-content\">Suivez toute l\u2019actualit\u00e9 de vos villes et m\u00e9dias favoris en vous inscrivant \u00e0 <a href=\"https:\/\/moncompte.actu.fr\" title=\"D\u00e9couvez Mon Actu\" rel=\"nofollow noopener\" data-trk=\"{&quot;cta&quot;:{&quot;action&quot;:&quot;https:\\\/\\\/moncompte.actu.fr&quot;,&quot;category&quot;:&quot;mon compte&quot;,&quot;from&quot;:&quot;article footer&quot;,&quot;name&quot;:&quot;Mon actu&quot;,&quot;type&quot;:&quot;cta&quot;}}\" target=\"_blank\">Mon Actu<\/a>.<\/p>\n","protected":false},"excerpt":{"rendered":"Par Pateau Adrien Publi\u00e9 le 8 juin 2025 \u00e0 20h02 La saison est presque finie \u00e0 Toulouse\u2026 Le&hellip;\n","protected":false},"author":2,"featured_media":161773,"comment_status":"","ping_status":"","sticky":false,"template":"","format":"standard","meta":{"footnotes":""},"categories":[2816],"tags":[1111,11,1777,674,1011,27,12,2680,25,60,476,2312],"class_list":{"0":"post-161772","1":"post","2":"type-post","3":"status-publish","4":"format-standard","5":"has-post-thumbnail","7":"category-toulouse","8":"tag-actu","9":"tag-actualites","10":"tag-eu","11":"tag-europe","12":"tag-fr","13":"tag-france","14":"tag-news","15":"tag-occitanie","16":"tag-republique-francaise","17":"tag-sports","18":"tag-stade-toulousain","19":"tag-toulouse"},"share_on_mastodon":{"url":"https:\/\/pubeurope.com\/@fr\/114649812536902758","error":""},"_links":{"self":[{"href":"https:\/\/www.europesays.com\/fr\/wp-json\/wp\/v2\/posts\/161772","targetHints":{"allow":["GET"]}}],"collection":[{"href":"https:\/\/www.europesays.com\/fr\/wp-json\/wp\/v2\/posts"}],"about":[{"href":"https:\/\/www.europesays.com\/fr\/wp-json\/wp\/v2\/types\/post"}],"author":[{"embeddable":true,"href":"https:\/\/www.europesays.com\/fr\/wp-json\/wp\/v2\/users\/2"}],"replies":[{"embeddable":true,"href":"https:\/\/www.europesays.com\/fr\/wp-json\/wp\/v2\/comments?post=161772"}],"version-history":[{"count":0,"href":"https:\/\/www.europesays.com\/fr\/wp-json\/wp\/v2\/posts\/161772\/revisions"}],"wp:featuredmedia":[{"embeddable":true,"href":"https:\/\/www.europesays.com\/fr\/wp-json\/wp\/v2\/media\/161773"}],"wp:attachment":[{"href":"https:\/\/www.europesays.com\/fr\/wp-json\/wp\/v2\/media?parent=161772"}],"wp:term":[{"taxonomy":"category","embeddable":true,"href":"https:\/\/www.europesays.com\/fr\/wp-json\/wp\/v2\/categories?post=161772"},{"taxonomy":"post_tag","embeddable":true,"href":"https:\/\/www.europesays.com\/fr\/wp-json\/wp\/v2\/tags?post=161772"}],"curies":[{"name":"wp","href":"https:\/\/api.w.org\/{rel}","templated":true}]}}