{"id":161774,"date":"2025-06-08T21:16:09","date_gmt":"2025-06-08T21:16:09","guid":{"rendered":"https:\/\/www.europesays.com\/fr\/161774\/"},"modified":"2025-06-08T21:16:09","modified_gmt":"2025-06-08T21:16:09","slug":"au-cimetiere-saint-pierre-une-commemoration-en-memoire-des-morts-de-la-guerre-dindochine-2","status":"publish","type":"post","link":"https:\/\/www.europesays.com\/fr\/161774\/","title":{"rendered":"Au cimeti\u00e8re Saint-Pierre, une comm\u00e9moration en m\u00e9moire des morts de la guerre d\u2019Indochine"},"content":{"rendered":"<p>La c\u00e9r\u00e9monie a d\u00e9but\u00e9 par la lecture d\u2019un discours de Patricia Mirall\u00e8s, ministre charg\u00e9e de la M\u00e9moire et des Anciens combattants, qui n\u2019a pas pu \u00eatre pr\u00e9sente. L\u2019objectif \u00e9tait de mettre en lumi\u00e8re cette guerre souvent oubli\u00e9e. Par ses mots, la ministre a tenu \u00e0 rendre hommage aux \u00ab\u00a047\u00a0000 soldats m\u00e9tropolitains, l\u00e9gionnaires, tirailleurs africains, ainsi que 28\u00a0000 Vietnamiens, Cambodgiens et Laotiens, combattant au sein du Corps exp\u00e9ditionnaire fran\u00e7ais en Extr\u00eame-Orient\u00a0\u00bb morts durant ce conflit. La Marseillaise et le traditionnel d\u00e9p\u00f4t de fleurs devant le monument aux Morts ont suivi.<\/p>\n<p>Une guerre souvent oubli\u00e9e<\/p>\n<p>Ces \u00e9v\u00e9nements, survenus juste apr\u00e8s la Seconde Guerre mondiale, dans un contexte de reconstruction en France, sont aujourd\u2019hui encore assez m\u00e9connus. Pourtant, c\u2019est un conflit marquant pour la France puisqu\u2019il s\u2019agit d\u2019une des premi\u00e8res guerres de d\u00e9colonisation de la seconde moiti\u00e9 du XXe\u00a0si\u00e8cle et que pr\u00e8s de 83\u00a0000 soldats sont morts. \u00ab\u00a0Organiser cette journ\u00e9e, c\u2019est primordial, lorsque l\u2019on sait que cette guerre n\u2019est plus tr\u00e8s connue et tr\u00e8s peu enseign\u00e9e\u00a0\u00bb, explique Lisette Narducci, adjointe au maire d\u00e9l\u00e9gu\u00e9e au monde combattant et \u00e0 la m\u00e9moire.<\/p>\n<p>Une c\u00e9r\u00e9monie pour faire vivre la m\u00e9moire<\/p>\n<p>Dans son discours, la ministre a surtout insist\u00e9 sur l\u2019h\u00e9ritage m\u00e9moriel de ce conflit. Pour elle, il est important \u00ab\u00a0que soit transmis aux g\u00e9n\u00e9rations nouvelles ce double h\u00e9ritage\u00a0: celui du courage, et celui de la v\u00e9rit\u00e9. Non pour exalter la guerre, mais pour comprendre ce qu\u2019elle exige, ce qu\u2019elle d\u00e9truit, et ce qu\u2019elle r\u00e9v\u00e8le aussi de la force humaine\u00a0\u00bb.<\/p>\n<p>Sur place, Nathan, 10\u00a0ans, venu accompagner son beau-p\u00e8re policier, semble avoir appr\u00e9ci\u00e9 l\u2019exp\u00e9rience\u00a0: \u00ab\u00a0C\u2019\u00e9tait bien, parce qu\u2019on a repr\u00e9sent\u00e9 ceux qui ont servi la France. Et j\u2019ai appris des choses sur la guerre.\u00a0\u00bb<\/p>\n","protected":false},"excerpt":{"rendered":"La c\u00e9r\u00e9monie a d\u00e9but\u00e9 par la lecture d\u2019un discours de Patricia Mirall\u00e8s, ministre charg\u00e9e de la M\u00e9moire et&hellip;\n","protected":false},"author":2,"featured_media":161665,"comment_status":"","ping_status":"","sticky":false,"template":"","format":"standard","meta":{"footnotes":""},"categories":[2814],"tags":[17,1111,11,6313,17337,154,1777,674,1011,27,884,280,5184,12,882,16,25,29403,96],"class_list":{"0":"post-161774","1":"post","2":"type-post","3":"status-publish","4":"format-standard","5":"has-post-thumbnail","7":"category-marseille","8":"tag-17","9":"tag-actu","10":"tag-actualites","11":"tag-cimetiere","12":"tag-commemoration","13":"tag-des","14":"tag-eu","15":"tag-europe","16":"tag-fr","17":"tag-france","18":"tag-marseille","19":"tag-memoire","20":"tag-morts","21":"tag-news","22":"tag-provence-alpes-cote-dazur","23":"tag-region","24":"tag-republique-francaise","25":"tag-saint-pierre","26":"tag-une"},"share_on_mastodon":{"url":"https:\/\/pubeurope.com\/@fr\/114649824244631125","error":""},"_links":{"self":[{"href":"https:\/\/www.europesays.com\/fr\/wp-json\/wp\/v2\/posts\/161774","targetHints":{"allow":["GET"]}}],"collection":[{"href":"https:\/\/www.europesays.com\/fr\/wp-json\/wp\/v2\/posts"}],"about":[{"href":"https:\/\/www.europesays.com\/fr\/wp-json\/wp\/v2\/types\/post"}],"author":[{"embeddable":true,"href":"https:\/\/www.europesays.com\/fr\/wp-json\/wp\/v2\/users\/2"}],"replies":[{"embeddable":true,"href":"https:\/\/www.europesays.com\/fr\/wp-json\/wp\/v2\/comments?post=161774"}],"version-history":[{"count":0,"href":"https:\/\/www.europesays.com\/fr\/wp-json\/wp\/v2\/posts\/161774\/revisions"}],"wp:featuredmedia":[{"embeddable":true,"href":"https:\/\/www.europesays.com\/fr\/wp-json\/wp\/v2\/media\/161665"}],"wp:attachment":[{"href":"https:\/\/www.europesays.com\/fr\/wp-json\/wp\/v2\/media?parent=161774"}],"wp:term":[{"taxonomy":"category","embeddable":true,"href":"https:\/\/www.europesays.com\/fr\/wp-json\/wp\/v2\/categories?post=161774"},{"taxonomy":"post_tag","embeddable":true,"href":"https:\/\/www.europesays.com\/fr\/wp-json\/wp\/v2\/tags?post=161774"}],"curies":[{"name":"wp","href":"https:\/\/api.w.org\/{rel}","templated":true}]}}