{"id":161775,"date":"2025-06-08T21:17:12","date_gmt":"2025-06-08T21:17:12","guid":{"rendered":"https:\/\/www.europesays.com\/fr\/161775\/"},"modified":"2025-06-08T21:17:12","modified_gmt":"2025-06-08T21:17:12","slug":"soprano-a-fait-visiter-marseille-a-ed-sheeran-et-ils-ont-evidemment-joue-a-la-petanque-2","status":"publish","type":"post","link":"https:\/\/www.europesays.com\/fr\/161775\/","title":{"rendered":"Soprano a fait visiter Marseille \u00e0 Ed Sheeran, et ils ont \u00e9videmment jou\u00e9 \u00e0 la p\u00e9tanque"},"content":{"rendered":"<p>        <img decoding=\"async\" loading=\"lazy\" src=\"https:\/\/www.europesays.com\/fr\/wp-content\/uploads\/2025\/06\/1f764ff_sirius-fs-upload-1-bjvszvy0gb1p-1749408616208-img-7332.jpg\"  width=\"728\" height=\"1071\" alt=\"Ed Sheran et Soprano ont partag\u00e9 une partie de p\u00e9tanque \u00e0 Marseille.\"\/>   <\/p>\n<p>Ed Sheran et Soprano ont partag\u00e9 une partie de p\u00e9tanque \u00e0 Marseille.<\/p>\n<p class=\"asset asset-text\">MUSIQUE &#8211; La sc\u00e8ne a amus\u00e9 les fans et les habitants. Avant ses deux dates \u00e0 Marseille le vendredi\u00a06\u00a0et le samedi 7\u00a0juin, le chanteur <a href=\"https:\/\/www.huffingtonpost.fr\/culture\/article\/ed-sheeran-a-appris-le-persian-snap-pour-le-clip-officiel-d-azizam_248817.html\" target=\"_blank\" rel=\"noopener\">Ed Sheran<\/a> s\u2019est pr\u00eat\u00e9 \u00e0 une visite touristique de la ville, guid\u00e9 par le rappeur marseillais <a href=\"https:\/\/www.huffingtonpost.fr\/culture\/article\/soprano-annonce-la-date-de-sa-fin-de-carriere-et-prevoit-de-nombreux-projets-fous-d-ici-la_239851.html\" target=\"_blank\" rel=\"noopener\">Soprano<\/a>. L\u2019occasion pour les deux artistes de partager une partie de p\u00e9tanque.<\/p>\n<p class=\"asset asset-text\">Dans une vid\u00e9o post\u00e9e sur son compte Instagram samedi 7\u00a0juin, le chanteur britannique appara\u00eet aux c\u00f4t\u00e9s de Soprano, se baladant dans les rues de Marseille en tuk-tuk rose. Ils arpentent les quais du vieux port, la corniche Kennedy ou encore la Porte d\u2019Orient. Maillot de l\u2019OM sur le dos, Ed Sheran a ensuite particip\u00e9 \u00e0 une partie de p\u00e9tanque &#8211; sport embl\u00e9matique de Marseille &#8211; avec l\u2019ancien membre du groupe Psy4\u00a0de la rime.<\/p>\n<p class=\"asset asset-text\">\u00ab\u00a0C\u2019est Marseille b\u00e9b\u00e9\u00a0\u00bb, l\u00e2che la figure de la sc\u00e8ne rap marseillaise dans la vid\u00e9o, en r\u00e9f\u00e9rence au titre Bande organis\u00e9e. Sur Instagram, la publication cumule plus de 170\u00a0000\u00a0de likes.<\/p>\n<p> La lecture de ce contenu est susceptible d\u2019entra\u00eener un d\u00e9p\u00f4t de cookies de la part de l\u2019op\u00e9rateur tiers qui l\u2019h\u00e9berge. Compte-tenu des choix que vous avez exprim\u00e9s en mati\u00e8re de d\u00e9p\u00f4t de cookies, nous avons bloqu\u00e9 l\u2019affichage de ce contenu. Si vous souhaitez y acc\u00e9der, vous devez accepter la cat\u00e9gorie de cookies \u201cContenus tiers\u201d en cliquant sur le bouton ci-dessous. <\/p>\n<p> Lire la Vid\u00e9o        \u00ab\u00a0Marseille influence le monde\u00a0\u00bb    <\/p>\n<p class=\"asset asset-text\">Les images ont \u00e9galement \u00e9t\u00e9 partag\u00e9es par le maire de la ville. \u00ab\u00a0Marseille influence le monde\u00a0\u00bb, a \u00e9crit Beno\u00eet Payan sur X. \u00ab\u00a0Journ\u00e9e type dans la plus belle ville du monde\u00a0\u00bb, a appuy\u00e9 le compte de la ville en commentaire.<\/p>\n<p> La lecture de ce contenu est susceptible d\u2019entra\u00eener un d\u00e9p\u00f4t de cookies de la part de l\u2019op\u00e9rateur tiers qui l\u2019h\u00e9berge. Compte-tenu des choix que vous avez exprim\u00e9s en mati\u00e8re de d\u00e9p\u00f4t de cookies, nous avons bloqu\u00e9 l\u2019affichage de ce contenu. Si vous souhaitez y acc\u00e9der, vous devez accepter la cat\u00e9gorie de cookies \u201cContenus tiers\u201d en cliquant sur le bouton ci-dessous. <\/p>\n<p> Lire la Vid\u00e9o        <\/p>\n<p class=\"asset asset-text\">Au-del\u00e0 de cette visite, les deux artistes ont partag\u00e9 la sc\u00e8ne du stade V\u00e9lodrome, puisqu\u2019Ed Sheran a invit\u00e9 Soprano a interpr\u00e9t\u00e9 son titre En feu.<\/p>\n<p> La lecture de ce contenu est susceptible d\u2019entra\u00eener un d\u00e9p\u00f4t de cookies de la part de l\u2019op\u00e9rateur tiers qui l\u2019h\u00e9berge. Compte-tenu des choix que vous avez exprim\u00e9s en mati\u00e8re de d\u00e9p\u00f4t de cookies, nous avons bloqu\u00e9 l\u2019affichage de ce contenu. Si vous souhaitez y acc\u00e9der, vous devez accepter la cat\u00e9gorie de cookies \u201cContenus tiers\u201d en cliquant sur le bouton ci-dessous. <\/p>\n<p> Lire la Vid\u00e9o        <\/p>\n<p class=\"asset asset-text\">Apr\u00e8s cette \u00e9tape marseillaise, Ed Sheran se rendra \u00e0 Lille les 20\u00a0et 21\u00a0juin prochain pour une performance au Stade Pierre Mauroy.<\/p>\n","protected":false},"excerpt":{"rendered":"Ed Sheran et Soprano ont partag\u00e9 une partie de p\u00e9tanque \u00e0 Marseille. MUSIQUE &#8211; La sc\u00e8ne a amus\u00e9&hellip;\n","protected":false},"author":2,"featured_media":161776,"comment_status":"","ping_status":"","sticky":false,"template":"","format":"standard","meta":{"footnotes":""},"categories":[2814],"tags":[1111,11,251,1777,674,1011,27,884,873,12,882,25,10826],"class_list":{"0":"post-161775","1":"post","2":"type-post","3":"status-publish","4":"format-standard","5":"has-post-thumbnail","7":"category-marseille","8":"tag-actu","9":"tag-actualites","10":"tag-culture","11":"tag-eu","12":"tag-europe","13":"tag-fr","14":"tag-france","15":"tag-marseille","16":"tag-musique","17":"tag-news","18":"tag-provence-alpes-cote-dazur","19":"tag-republique-francaise","20":"tag-soprano"},"share_on_mastodon":{"url":"https:\/\/pubeurope.com\/@fr\/114649828144310876","error":""},"_links":{"self":[{"href":"https:\/\/www.europesays.com\/fr\/wp-json\/wp\/v2\/posts\/161775","targetHints":{"allow":["GET"]}}],"collection":[{"href":"https:\/\/www.europesays.com\/fr\/wp-json\/wp\/v2\/posts"}],"about":[{"href":"https:\/\/www.europesays.com\/fr\/wp-json\/wp\/v2\/types\/post"}],"author":[{"embeddable":true,"href":"https:\/\/www.europesays.com\/fr\/wp-json\/wp\/v2\/users\/2"}],"replies":[{"embeddable":true,"href":"https:\/\/www.europesays.com\/fr\/wp-json\/wp\/v2\/comments?post=161775"}],"version-history":[{"count":0,"href":"https:\/\/www.europesays.com\/fr\/wp-json\/wp\/v2\/posts\/161775\/revisions"}],"wp:featuredmedia":[{"embeddable":true,"href":"https:\/\/www.europesays.com\/fr\/wp-json\/wp\/v2\/media\/161776"}],"wp:attachment":[{"href":"https:\/\/www.europesays.com\/fr\/wp-json\/wp\/v2\/media?parent=161775"}],"wp:term":[{"taxonomy":"category","embeddable":true,"href":"https:\/\/www.europesays.com\/fr\/wp-json\/wp\/v2\/categories?post=161775"},{"taxonomy":"post_tag","embeddable":true,"href":"https:\/\/www.europesays.com\/fr\/wp-json\/wp\/v2\/tags?post=161775"}],"curies":[{"name":"wp","href":"https:\/\/api.w.org\/{rel}","templated":true}]}}