{"id":161779,"date":"2025-06-08T21:19:17","date_gmt":"2025-06-08T21:19:17","guid":{"rendered":"https:\/\/www.europesays.com\/fr\/161779\/"},"modified":"2025-06-08T21:19:17","modified_gmt":"2025-06-08T21:19:17","slug":"un-corps-sans-vie-decouvert-dans-le-grand-parc-de-miribel-jonage","status":"publish","type":"post","link":"https:\/\/www.europesays.com\/fr\/161779\/","title":{"rendered":"Un corps sans vie d\u00e9couvert dans le Grand Parc de Miribel-Jonage"},"content":{"rendered":"<p>                            <img loading=\"lazy\" width=\"900\" height=\"675\" class=\"attachment-article size-article wp-post-image lazyload\" alt=\"Le parc de Miribel-Jonage\" decoding=\"async\" src=\"https:\/\/www.europesays.com\/fr\/wp-content\/uploads\/2025\/06\/IMG_1446-2-scaled.jpg\" data-eio-rwidth=\"900\" data-eio-rheight=\"675\"\/><\/p>\n<p>Le parc de Miribel-Jonage @MartinGaboriau <\/p>\n<p class=\"content\" style=\"font-size:1.2em;font-weight:700\">Le parquet a \u00e9t\u00e9 saisi apr\u00e8s la d\u00e9couverte d\u2019un corps sans vie ce dimanche matin. Les circonstances du d\u00e9c\u00e8s restent \u00e0 \u00e9claircir.<\/p>\n<p>Une enqu\u00eate a \u00e9t\u00e9 ouverte apr\u00e8s la d\u00e9couverte d\u2019un corps sans vie ce dimanche 8 juin au matin, au Grand Parc de Miribel-Jonage, situ\u00e9 \u00e0 proximit\u00e9 de Lyon. Selon les informations du <a href=\"https:\/\/c.leprogres.fr\/faits-divers-justice\/2025\/06\/08\/un-corps-retrouve-au-grand-parc-de-miribel-jonage\" target=\"_blank\" rel=\"noreferrer noopener nofollow\">Progr\u00e8s<\/a>, ce sont les sapeurs-pompiers qui ont \u00e9t\u00e9 alert\u00e9s en d\u00e9but de matin\u00e9e et qui, \u00e0 leur arriv\u00e9e sur les lieux, ont constat\u00e9 le d\u00e9c\u00e8s de la victime.<\/p>\n<p>Selon <a href=\"https:\/\/www.lyonmag.com\/article\/144589\/macabre-decouverte-pres-de-lyon-un-corps-retrouve-au-grand-parc-de-miribel-jonage\" target=\"_blank\" rel=\"noreferrer noopener nofollow\">Lyon Mag<\/a>, un promeneur serait tomb\u00e9 sur le corps sans vie d&rsquo;une personne, dont le sexe et l&rsquo;identit\u00e9 n&rsquo;ont pas \u00e9t\u00e9 communiqu\u00e9s<\/p>\n<p>Les circonstances exactes de cette mort restent encore floues. Toujours d\u2019apr\u00e8s Le Progr\u00e8s, la gendarmerie est en charge de l\u2019enqu\u00eate et le parquet s\u2019est saisi du dossier, ce qui laisse penser, \u00e0 ce stade, qu\u2019il ne s\u2019agirait pas d\u2019un accident.<\/p>\n","protected":false},"excerpt":{"rendered":"Le parc de Miribel-Jonage @MartinGaboriau Le parquet a \u00e9t\u00e9 saisi apr\u00e8s la d\u00e9couverte d\u2019un corps sans vie ce&hellip;\n","protected":false},"author":2,"featured_media":161780,"comment_status":"","ping_status":"","sticky":false,"template":"","format":"standard","meta":{"footnotes":""},"categories":[1889],"tags":[1111,11,2738,2430,1777,674,118,1011,27,2428,29419,12,29420,25],"class_list":{"0":"post-161779","1":"post","2":"type-post","3":"status-publish","4":"format-standard","5":"has-post-thumbnail","7":"category-lyon","8":"tag-actu","9":"tag-actualites","10":"tag-ain","11":"tag-auvergne-rhone-alpes","12":"tag-eu","13":"tag-europe","14":"tag-faits-divers","15":"tag-fr","16":"tag-france","17":"tag-lyon","18":"tag-miribeljonage","19":"tag-news","20":"tag-parc-miribel-jonage","21":"tag-republique-francaise"},"share_on_mastodon":{"url":"https:\/\/pubeurope.com\/@fr\/114649836006081673","error":""},"_links":{"self":[{"href":"https:\/\/www.europesays.com\/fr\/wp-json\/wp\/v2\/posts\/161779","targetHints":{"allow":["GET"]}}],"collection":[{"href":"https:\/\/www.europesays.com\/fr\/wp-json\/wp\/v2\/posts"}],"about":[{"href":"https:\/\/www.europesays.com\/fr\/wp-json\/wp\/v2\/types\/post"}],"author":[{"embeddable":true,"href":"https:\/\/www.europesays.com\/fr\/wp-json\/wp\/v2\/users\/2"}],"replies":[{"embeddable":true,"href":"https:\/\/www.europesays.com\/fr\/wp-json\/wp\/v2\/comments?post=161779"}],"version-history":[{"count":0,"href":"https:\/\/www.europesays.com\/fr\/wp-json\/wp\/v2\/posts\/161779\/revisions"}],"wp:featuredmedia":[{"embeddable":true,"href":"https:\/\/www.europesays.com\/fr\/wp-json\/wp\/v2\/media\/161780"}],"wp:attachment":[{"href":"https:\/\/www.europesays.com\/fr\/wp-json\/wp\/v2\/media?parent=161779"}],"wp:term":[{"taxonomy":"category","embeddable":true,"href":"https:\/\/www.europesays.com\/fr\/wp-json\/wp\/v2\/categories?post=161779"},{"taxonomy":"post_tag","embeddable":true,"href":"https:\/\/www.europesays.com\/fr\/wp-json\/wp\/v2\/tags?post=161779"}],"curies":[{"name":"wp","href":"https:\/\/api.w.org\/{rel}","templated":true}]}}