{"id":161785,"date":"2025-06-08T21:24:09","date_gmt":"2025-06-08T21:24:09","guid":{"rendered":"https:\/\/www.europesays.com\/fr\/161785\/"},"modified":"2025-06-08T21:24:09","modified_gmt":"2025-06-08T21:24:09","slug":"cest-pratique-a-courbevoie-si-vous-nallez-pas-voir-la-police-elle-vient-a-vous","status":"publish","type":"post","link":"https:\/\/www.europesays.com\/fr\/161785\/","title":{"rendered":"\u00ab\u00a0C\u2019est pratique\u00a0\u00bb\u00a0: \u00e0 Courbevoie, si vous n\u2019allez pas voir la police, elle vient \u00e0 vous"},"content":{"rendered":"<p class=\"paragraph text_align_left\">\u00c0 <a href=\"https:\/\/www.leparisien.fr\/hauts-de-seine-92\/courbevoie-92400\/\" target=\"_self\" rel=\"noopener\">Courbevoie<\/a>, plus besoin de se rendre au poste de police municipale, c\u2019est le poste de police qui se d\u00e9place jusqu\u2019\u00e0 vous. Ce dimanche 8 juin, sous un ciel mena\u00e7ant, la ville a inaugur\u00e9 son poste de police mobile, nom donn\u00e9 au fourgon utilitaire dans lequel est d\u00e9sormais am\u00e9nag\u00e9 un mini-bureau de police itin\u00e9rant. Ce v\u00e9hicule s\u00e9rigraphi\u00e9, parfaitement identifiable, stationnera plusieurs heures, tous les jours, dans chaque quartier de la ville.<\/p>\n","protected":false},"excerpt":{"rendered":"\u00c0 Courbevoie, plus besoin de se rendre au poste de police municipale, c\u2019est le poste de police qui&hellip;\n","protected":false},"author":2,"featured_media":161786,"comment_status":"","ping_status":"","sticky":false,"template":"","format":"standard","meta":{"footnotes":""},"categories":[1888],"tags":[11,1777,674,1011,27,3314,1944,12,626,25],"class_list":{"0":"post-161785","1":"post","2":"type-post","3":"status-publish","4":"format-standard","5":"has-post-thumbnail","7":"category-paris","8":"tag-actualites","9":"tag-eu","10":"tag-europe","11":"tag-fr","12":"tag-france","13":"tag-hauts-de-seine","14":"tag-ma-ville","15":"tag-news","16":"tag-paris","17":"tag-republique-francaise"},"share_on_mastodon":{"url":"https:\/\/pubeurope.com\/@fr\/114649855634220583","error":""},"_links":{"self":[{"href":"https:\/\/www.europesays.com\/fr\/wp-json\/wp\/v2\/posts\/161785","targetHints":{"allow":["GET"]}}],"collection":[{"href":"https:\/\/www.europesays.com\/fr\/wp-json\/wp\/v2\/posts"}],"about":[{"href":"https:\/\/www.europesays.com\/fr\/wp-json\/wp\/v2\/types\/post"}],"author":[{"embeddable":true,"href":"https:\/\/www.europesays.com\/fr\/wp-json\/wp\/v2\/users\/2"}],"replies":[{"embeddable":true,"href":"https:\/\/www.europesays.com\/fr\/wp-json\/wp\/v2\/comments?post=161785"}],"version-history":[{"count":0,"href":"https:\/\/www.europesays.com\/fr\/wp-json\/wp\/v2\/posts\/161785\/revisions"}],"wp:featuredmedia":[{"embeddable":true,"href":"https:\/\/www.europesays.com\/fr\/wp-json\/wp\/v2\/media\/161786"}],"wp:attachment":[{"href":"https:\/\/www.europesays.com\/fr\/wp-json\/wp\/v2\/media?parent=161785"}],"wp:term":[{"taxonomy":"category","embeddable":true,"href":"https:\/\/www.europesays.com\/fr\/wp-json\/wp\/v2\/categories?post=161785"},{"taxonomy":"post_tag","embeddable":true,"href":"https:\/\/www.europesays.com\/fr\/wp-json\/wp\/v2\/tags?post=161785"}],"curies":[{"name":"wp","href":"https:\/\/api.w.org\/{rel}","templated":true}]}}