{"id":161789,"date":"2025-06-08T21:26:10","date_gmt":"2025-06-08T21:26:10","guid":{"rendered":"https:\/\/www.europesays.com\/fr\/161789\/"},"modified":"2025-06-08T21:26:10","modified_gmt":"2025-06-08T21:26:10","slug":"zelensky-accuse-la-russie-de-jouer-un-jeu-sale-et-politique-apres-une-nouvelle-attaque","status":"publish","type":"post","link":"https:\/\/www.europesays.com\/fr\/161789\/","title":{"rendered":"Zelensky accuse la Russie de jouer un jeu \u00ab\u00a0sale et politique\u00a0\u00bb apr\u00e8s une nouvelle attaque"},"content":{"rendered":"<p class=\"article-p mdl\">Alors que les n\u00e9gociations entre l\u2019Ukraine et la Russie patinent, Moscou continue d&rsquo;attaquer et ne baisse pas la garde. Une nouvelle attaque est survenue dans la r\u00e9gion de Dniepropetrovsk, en Ukraine, un territoire proche de Donetsk. C&rsquo;est <strong>une premi\u00e8re depuis le d\u00e9but du conflit<\/strong>.<\/p>\n<p class=\"article-p mdl\">Le Kremlin accentue sa pression sur l&rsquo;<a class=\"link\" href=\"https:\/\/www.rtl.fr\/actu\/international\/document-rtl-soldat-francais-disparu-en-ukraine-l-objectif-pour-lui-c-etait-de-lutter-pour-la-liberte-confie-sa-mere-7900512807\" title=\"DOCUMENT RTL - Soldat fran\u00e7ais disparu en Ukraine : &quot;L&#039;objectif pour lui, c&#039;\u00e9tait de lutter pour la libert\u00e9&quot;, confie sa m\u00e8re\" target=\"_blank\" rel=\"noopener\">Ukraine<\/a>\u00a0dans un seul but : <strong>occuper le maximum de terrain avant un \u00e9ventuel cessez-le-<\/strong>feu, si les n\u00e9gociations de paix aboutissent. Les forces russes affirment mener l&rsquo;offensive depuis la r\u00e9gion frontali\u00e8re de Donetsk, dans l&rsquo;est de l&rsquo;Ukraine, qu&rsquo;elles occupent \u00e0 70%.<\/p>\n<p class=\"article-p mdl\">Depuis le d\u00e9but du conflit, la r\u00e9gion de Dniepropetrovsk et sa capitale, Dnipro, sont r\u00e9guli\u00e8rement bombard\u00e9es par la Russie. Il y a quelques mois, <strong>Moscou y avait tir\u00e9 son premier missile exp\u00e9rimental<\/strong>, Orechnik, sur un site militaire.<\/p>\n<p>            Un mauvais signal pour l&rsquo;arm\u00e9e ukrainienne<\/p>\n<p class=\"article-p mdl\">Si elle se confirme, cette attaque russe est \u00e9videmment une tr\u00e8s mauvaise nouvelle pour l&rsquo;Ukraine, <strong>un revers m\u00eame pour l&rsquo;arm\u00e9e de Kiev<\/strong> en manque de soldats et qui doit aussi faire face \u00e0 une avanc\u00e9e de Moscou au nord du pays. Les forces russes, en moins d&rsquo;un mois, se sont en effet empar\u00e9es de pr\u00e8s de 200 kilom\u00e8tres carr\u00e9s dans la r\u00e9gion de Soumy, frontali\u00e8re de la Russie.<\/p>\n<p class=\"article-p mdl\">Parall\u00e8lement, les deux pays continuent malgr\u00e9 tout leur \u00e9change de prisonniers. Seul accord issu des n\u00e9gociations d&rsquo;Istanbul, le prochain, initialement pr\u00e9vu ce week-end, aura finalement lieu dans les jours \u00e0 venir, ont annonc\u00e9 les autorit\u00e9s ukrainiennes.\u00a0L&rsquo;Ukraine d\u00e9ment cette incursion de la Russie. <strong>\u00ab\u00a0L&rsquo;ennemi n&rsquo;est pas entr\u00e9\u00a0\u00bb<\/strong>, assure le porte-parole de l&rsquo;arm\u00e9e ukrainienne.<\/p>\n<p class=\"article-p mdl\">Le pr\u00e9sident ukrainien\u00a0<a class=\"link\" href=\"https:\/\/www.rtl.fr\/actu\/international\/pourquoi-vladimir-poutine-refuse-t-il-de-rencontrer-volodymyr-zelensky-7900504944\" title=\"Pourquoi Vladimir Poutine refuse-t-il de rencontrer Volodymyr Zelensky ?\" target=\"_blank\" rel=\"noopener\">Volodymyr Zelensky<\/a>\u00a0a accus\u00e9, ce dimanche 8 juin, la Russie de <strong>jouer un jeu \u00ab\u00a0sale et politique\u00a0\u00bb<\/strong> autour du prochain \u00e9change des prisonniers.\u00a0<\/p>\n<p>    La r\u00e9daction vous recommande<\/p>\n<p class=\"s-newsletter__title\">\n                L\u2019actualit\u00e9 par la r\u00e9daction de RTL dans votre bo\u00eete mail.\n            <\/p>\n<p class=\"s-newsletter__subtitle\">\n                Gr\u00e2ce \u00e0 votre compte RTL abonnez-vous \u00e0 la newsletter RTL info pour suivre toute l&rsquo;actualit\u00e9 au quotidien\n            <\/p>\n<p>\n                                    Lire la suite\n                                <\/p>\n","protected":false},"excerpt":{"rendered":"Alors que les n\u00e9gociations entre l\u2019Ukraine et la Russie patinent, Moscou continue d&rsquo;attaquer et ne baisse pas la&hellip;\n","protected":false},"author":2,"featured_media":161790,"comment_status":"","ping_status":"","sticky":false,"template":"","format":"standard","meta":{"footnotes":""},"categories":[1591],"tags":[11,1887,107,131,14,12,362,1885,1886,132,220,135,134],"class_list":{"0":"post-161789","1":"post","2":"type-post","3":"status-publish","4":"format-standard","5":"has-post-thumbnail","7":"category-russie","8":"tag-actualites","9":"tag-federation-de-russie","10":"tag-fil-info","11":"tag-guerre-en-ukraine","12":"tag-international","13":"tag-news","14":"tag-replay","15":"tag-russia","16":"tag-russian-federation","17":"tag-russie","18":"tag-ukraine","19":"tag-vladimir-poutine","20":"tag-volodymyr-zelensky"},"share_on_mastodon":{"url":"https:\/\/pubeurope.com\/@fr\/114649863477576944","error":""},"_links":{"self":[{"href":"https:\/\/www.europesays.com\/fr\/wp-json\/wp\/v2\/posts\/161789","targetHints":{"allow":["GET"]}}],"collection":[{"href":"https:\/\/www.europesays.com\/fr\/wp-json\/wp\/v2\/posts"}],"about":[{"href":"https:\/\/www.europesays.com\/fr\/wp-json\/wp\/v2\/types\/post"}],"author":[{"embeddable":true,"href":"https:\/\/www.europesays.com\/fr\/wp-json\/wp\/v2\/users\/2"}],"replies":[{"embeddable":true,"href":"https:\/\/www.europesays.com\/fr\/wp-json\/wp\/v2\/comments?post=161789"}],"version-history":[{"count":0,"href":"https:\/\/www.europesays.com\/fr\/wp-json\/wp\/v2\/posts\/161789\/revisions"}],"wp:featuredmedia":[{"embeddable":true,"href":"https:\/\/www.europesays.com\/fr\/wp-json\/wp\/v2\/media\/161790"}],"wp:attachment":[{"href":"https:\/\/www.europesays.com\/fr\/wp-json\/wp\/v2\/media?parent=161789"}],"wp:term":[{"taxonomy":"category","embeddable":true,"href":"https:\/\/www.europesays.com\/fr\/wp-json\/wp\/v2\/categories?post=161789"},{"taxonomy":"post_tag","embeddable":true,"href":"https:\/\/www.europesays.com\/fr\/wp-json\/wp\/v2\/tags?post=161789"}],"curies":[{"name":"wp","href":"https:\/\/api.w.org\/{rel}","templated":true}]}}