{"id":161804,"date":"2025-06-08T21:34:10","date_gmt":"2025-06-08T21:34:10","guid":{"rendered":"https:\/\/www.europesays.com\/fr\/161804\/"},"modified":"2025-06-08T21:34:10","modified_gmt":"2025-06-08T21:34:10","slug":"le-gouvernement-veut-mettre-la-fonction-publique-au-regime-sec","status":"publish","type":"post","link":"https:\/\/www.europesays.com\/fr\/161804\/","title":{"rendered":"Le gouvernement veut mettre la fonction publique au r\u00e9gime sec"},"content":{"rendered":"<p><strong>D\u00c9CRYPTAGE<\/strong> &#8211; \u00c0 un mois de la pr\u00e9sentation des grandes lignes du budget, Am\u00e9lie de\u00a0Montchalin et \u00c9ric Lombard appellent \u00e0 r\u00e9duire le nombre de fonctionnaires pour faire des \u00e9conomies.<\/p>\n<p class=\"fig-paragraph\">Bercy rouvre\u00a0<a href=\"http:\/\/www.lefigaro.fr\/conjoncture\/et-apres-qu-est-ce-que-vous-faites-pierre-moscovici-pas-convaincu-par-l-annee-blanche-pour-le-budget-2026-20250608\" data-fig-type=\"NewsFlash\" data-gtm-custom-categorie=\"navigation\" data-gtm-custom-action=\"crossclick\" data-gtm-custom-label=\"Contextuel\" data-gtm-event=\"customEventSPE\" data-fig-domain=\"LEFIGARO\" target=\"_blank\" rel=\"noopener\">le grand livre des comptes<\/a>. Alors que Fran\u00e7ois Bayrou doit pr\u00e9senter d\u2019ici au 14\u00a0juillet les grandes lignes du<a href=\"http:\/\/www.lefigaro.fr\/conjoncture\/budget-2026-eric-lombard-ecarte-toute-hausse-generalisee-des-impots-20250605\" target=\"_blank\" data-fig-type=\"NewsFlash\" rel=\"noopener\" data-gtm-custom-categorie=\"navigation\" data-gtm-custom-action=\"crossclick\" data-gtm-custom-label=\"Contextuel\" data-gtm-event=\"customEventSPE\" data-fig-domain=\"LEFIGARO\">\u00a0budget 2026<\/a>,\u00a0<a href=\"http:\/\/www.lefigaro.fr\/conjoncture\/qui-le-financerait-eric-lombard-ecarte-la-piste-d-edouard-philippe-de-capitalisation-obligatoire-pour-les-retraites-20250608\" target=\"_blank\" data-fig-type=\"NewsFlash\" rel=\"noopener\" data-gtm-custom-categorie=\"navigation\" data-gtm-custom-action=\"crossclick\" data-gtm-custom-label=\"Contextuel\" data-gtm-event=\"customEventSPE\" data-fig-domain=\"LEFIGARO\">\u00c9ric Lombard<\/a>, le ministre de l\u2019\u00c9conomie, et\u00a0<a href=\"http:\/\/www.lefigaro.fr\/conjoncture\/le-compte-n-y-est-pas-amelie-de-montchalin-juge-insuffisants-les-efforts-d-economies-des-ministres-20250608\" target=\"_blank\" data-fig-type=\"NewsFlash\" rel=\"noopener\" data-gtm-custom-categorie=\"navigation\" data-gtm-custom-action=\"crossclick\" data-gtm-custom-label=\"Contextuel\" data-gtm-event=\"customEventSPE\" data-fig-domain=\"LEFIGARO\">Am\u00e9lie de\u00a0Montchalin<\/a>, la ministre charg\u00e9e des Comptes publics, pr\u00e9parent le terrain. Pour le moment, \u00ab\u00a0le compte n\u2019y est pas\u00a0\u00bb, a pr\u00e9venu cette derni\u00e8re ce dimanche 8\u00a0juin, dans le JDD.<\/p>\n<p class=\"fig-paragraph\">Et pour d\u00e9gager une partie des 40\u00a0milliards d\u2019euros d\u2019\u00e9conomies et r\u00e9duire le\u00a0<a href=\"http:\/\/www.lefigaro.fr\/conjoncture\/2-4-milliards-d-euros-de-deficit-la-degradation-sans-precedent-des-finances-des-hopitaux-publics-en-2023-20250522\" target=\"_blank\" data-fig-type=\"NewsFlash\" rel=\"noopener\" data-gtm-custom-categorie=\"navigation\" data-gtm-custom-action=\"crossclick\" data-gtm-custom-label=\"Contextuel\" data-gtm-event=\"customEventSPE\" data-fig-domain=\"LEFIGARO\">d\u00e9ficit public<\/a>\u00a0\u00e0 4,6\u00a0% du produit int\u00e9rieur brut (PIB) l\u2019an prochain, Am\u00e9lie de\u00a0Montchalin a notamment appel\u00e9 \u00e0 \u00ab\u00a0revoir la tendance\u00a0\u00bb de l\u2019augmentation du nombre de fonctionnaires, une mesure soutenue dans la foul\u00e9e par \u00c9ric Lombard.<\/p>\n<p class=\"fig-paragraph\">Malgr\u00e9 les engagements du candidat Emmanuel Macron en 2017 (qui avait promis de r\u00e9duire de 120.000 le nombre de postes de fonctionnaires en cinq ans avant d\u2019y renoncer deux ans plus tard), le nombre de fonctionnaires a de nouveau augment\u00e9 en 2023. Selon des donn\u00e9es publi\u00e9es par l\u2019Insee le 27\u00a0mai dernier, 62.000\u00a0agents\u2026<\/p>\n<p class=\"fig-premium-paywall__infos\">\n        Cet article est r\u00e9serv\u00e9 aux abonn\u00e9s.        Il vous reste 80% \u00e0 d\u00e9couvrir.\n    <\/p>\n<p>                <img  data- alt=\"Le Figaro\" class=\"fig-img--complete fig-img\"\/><\/p>\n<p class=\"fig-premium-paywall__title\">Vente Flash<\/p>\n<p class=\"fig-premium-paywall__subtitle\">3,99\u20ac par mois pendant 12 mois. Sans engagement.<\/p>\n<p class=\"fig-premium-paywall__connect\">\n                D\u00e9j\u00e0 abonn\u00e9\u00a0?                <a class=\"fig-premium-paywall__connect-link\" href=\"https:\/\/connect.lefigaro.fr\/login?client=horizon_web&amp;type=main&amp;redirect_uri=https%3A%2F%2Fwww.lefigaro.fr%2Fconjoncture%2Fle-gouvernement-veut-mettre-la-fonction-publique-au-regime-sec-20250608\" data-js-gtm=\"{&quot;customCategorie&quot;: &quot;conversion&quot;, &quot;customAction&quot;: &quot;before_Landing_Connexion_paywall_auto&quot;, &quot;customLabel&quot;: &quot;bGVmaWdhcm8uZnJfXzFmMDQ0NDgzLWQ5NDUtNjNiNi1hYzExLWM5ODhlMDUxMGI1NF9fTmV3c0ZsYXNo_Le gouvernement veut mettre la fonction publique au r\u00e9gime sec_312&quot;, &quot;customIDSPE&quot;: &quot;bGVmaWdhcm8uZnJfXzFmMDQ0NDgzLWQ5NDUtNjNiNi1hYzExLWM5ODhlMDUxMGI1NF9fTmV3c0ZsYXNo&quot;, &quot;event&quot;: &quot;customEventSPE&quot;}\" target=\"_blank\" rel=\"noopener\"><br \/>\n                    Connectez-vous<br \/>\n                <\/a>\n            <\/p>\n","protected":false},"excerpt":{"rendered":"D\u00c9CRYPTAGE &#8211; \u00c0 un mois de la pr\u00e9sentation des grandes lignes du budget, Am\u00e9lie de\u00a0Montchalin et \u00c9ric Lombard&hellip;\n","protected":false},"author":2,"featured_media":161805,"comment_status":"","ping_status":"","sticky":false,"template":"","format":"standard","meta":{"footnotes":""},"categories":[2],"tags":[339,11,14846,340,1003,343,345,350,130,344,352,349,33,341,313,1273,1011,27,346,342,353,351,347,12,348,25,354],"class_list":{"0":"post-161804","1":"post","2":"type-post","3":"status-publish","4":"format-standard","5":"has-post-thumbnail","7":"category-actualites","8":"tag-actualite-economique","9":"tag-actualites","10":"tag-bercy","11":"tag-bourse","12":"tag-budget","13":"tag-cac-40","14":"tag-chef-dentreprise","15":"tag-concurrence","16":"tag-consommation","17":"tag-creation-dentreprise","18":"tag-crise","19":"tag-delocalisations","20":"tag-economie","21":"tag-emploi","22":"tag-entreprises","23":"tag-fonctionnaires","24":"tag-fr","25":"tag-france","26":"tag-grands-patrons","27":"tag-impots","28":"tag-licenciements","29":"tag-monopole","30":"tag-multinationales","31":"tag-news","32":"tag-privatisation","33":"tag-republique-francaise","34":"tag-unio"},"share_on_mastodon":{"url":"https:\/\/pubeurope.com\/@fr\/114649895310248707","error":""},"_links":{"self":[{"href":"https:\/\/www.europesays.com\/fr\/wp-json\/wp\/v2\/posts\/161804","targetHints":{"allow":["GET"]}}],"collection":[{"href":"https:\/\/www.europesays.com\/fr\/wp-json\/wp\/v2\/posts"}],"about":[{"href":"https:\/\/www.europesays.com\/fr\/wp-json\/wp\/v2\/types\/post"}],"author":[{"embeddable":true,"href":"https:\/\/www.europesays.com\/fr\/wp-json\/wp\/v2\/users\/2"}],"replies":[{"embeddable":true,"href":"https:\/\/www.europesays.com\/fr\/wp-json\/wp\/v2\/comments?post=161804"}],"version-history":[{"count":0,"href":"https:\/\/www.europesays.com\/fr\/wp-json\/wp\/v2\/posts\/161804\/revisions"}],"wp:featuredmedia":[{"embeddable":true,"href":"https:\/\/www.europesays.com\/fr\/wp-json\/wp\/v2\/media\/161805"}],"wp:attachment":[{"href":"https:\/\/www.europesays.com\/fr\/wp-json\/wp\/v2\/media?parent=161804"}],"wp:term":[{"taxonomy":"category","embeddable":true,"href":"https:\/\/www.europesays.com\/fr\/wp-json\/wp\/v2\/categories?post=161804"},{"taxonomy":"post_tag","embeddable":true,"href":"https:\/\/www.europesays.com\/fr\/wp-json\/wp\/v2\/tags?post=161804"}],"curies":[{"name":"wp","href":"https:\/\/api.w.org\/{rel}","templated":true}]}}