{"id":161810,"date":"2025-06-08T21:37:11","date_gmt":"2025-06-08T21:37:11","guid":{"rendered":"https:\/\/www.europesays.com\/fr\/161810\/"},"modified":"2025-06-08T21:37:11","modified_gmt":"2025-06-08T21:37:11","slug":"coup-de-tonnerre-dans-le-monde-du-volley-les-deux-clubs-cannois-relegues-en-ligue-federale","status":"publish","type":"post","link":"https:\/\/www.europesays.com\/fr\/161810\/","title":{"rendered":"Coup de tonnerre dans le monde du volley: les deux clubs cannois rel\u00e9gu\u00e9s en Ligue F\u00e9d\u00e9rale"},"content":{"rendered":"<p>Une d\u00e9cision qui a \u00e9t\u00e9 prise suite \u00e0 l\u2019examen du dossier par la CACCP (Commission d\u2019Aide et de Contr\u00f4le des Clubs Professionnels). Pas une totale surprise comme l\u2019explique un communiqu\u00e9 officiel commun des clubs cannois.<\/p>\n<p>\u00ab\u00a0Cette d\u00e9cision s\u2019inscrit dans un contexte particulier marqu\u00e9 par la cr\u00e9ation d\u2019une soci\u00e9t\u00e9 commune entre les deux clubs visant \u00e0 mutualiser certains moyens pour renforcer le d\u00e9veloppement du volley \u00e0 Cannes&#8230; Ce montage administratif a entra\u00een\u00e9 un traitement plus complexe de nos dossiers par la CACCP.\u00a0\u00bb<\/p>\n<p>Rien de d\u00e9finitif \u00e9videmment pour les deux clubs mais un petit coup de chaud pour les supporters et les dirigeants qui ont d\u00e9j\u00e0 r\u00e9agi \u00e0 cette d\u00e9cision.<\/p>\n<p>Un r\u00e9examen des dossiers attendu<\/p>\n<p>\u00ab\u00a0Les \u00e9l\u00e9ments demand\u00e9s ont \u00e9t\u00e9 transmis et les dossiers sont d\u00e9sormais complets. Chaque club exercera un recours officiel apr\u00e8s quoi la DNACG proc\u00e9dera \u00e0 un r\u00e9examen de la situation.\u00a0\u00bb<\/p>\n<p>Pas de panique donc du c\u00f4t\u00e9 du Palais des Victoires qui va devoir patienter un peu pour respirer et pr\u00e9parer au mieux sa saison au plus haut niveau fran\u00e7ais. Confirmation du pr\u00e9sident, Amaury Delbart: \u00ab\u00a0On a re\u00e7u la d\u00e9cision vendredi et nous avons 7 jours pour faire appel. On a pu r\u00e9unir les derniers documents n\u00e9cessaires les 3 et 4 juin pour les envoyer \u00e0 la Commission. Je suis assez serein pour la suite. On attend ensuite une nouvelle convocation. Mais je n\u2019ai pas d\u2019inqui\u00e9tude.\u00a0\u00bb<\/p>\n<p>\u00a0<\/p>\n","protected":false},"excerpt":{"rendered":"Une d\u00e9cision qui a \u00e9t\u00e9 prise suite \u00e0 l\u2019examen du dossier par la CACCP (Commission d\u2019Aide et de&hellip;\n","protected":false},"author":2,"featured_media":161811,"comment_status":"","ping_status":"","sticky":false,"template":"","format":"standard","meta":{"footnotes":""},"categories":[1417],"tags":[1011,27,60,1470,1469],"class_list":{"0":"post-161810","1":"post","2":"type-post","3":"status-publish","4":"format-standard","5":"has-post-thumbnail","7":"category-volley","8":"tag-fr","9":"tag-france","10":"tag-sports","11":"tag-volley","12":"tag-volleyball"},"share_on_mastodon":{"url":"https:\/\/pubeurope.com\/@fr\/114649906765860389","error":""},"_links":{"self":[{"href":"https:\/\/www.europesays.com\/fr\/wp-json\/wp\/v2\/posts\/161810","targetHints":{"allow":["GET"]}}],"collection":[{"href":"https:\/\/www.europesays.com\/fr\/wp-json\/wp\/v2\/posts"}],"about":[{"href":"https:\/\/www.europesays.com\/fr\/wp-json\/wp\/v2\/types\/post"}],"author":[{"embeddable":true,"href":"https:\/\/www.europesays.com\/fr\/wp-json\/wp\/v2\/users\/2"}],"replies":[{"embeddable":true,"href":"https:\/\/www.europesays.com\/fr\/wp-json\/wp\/v2\/comments?post=161810"}],"version-history":[{"count":0,"href":"https:\/\/www.europesays.com\/fr\/wp-json\/wp\/v2\/posts\/161810\/revisions"}],"wp:featuredmedia":[{"embeddable":true,"href":"https:\/\/www.europesays.com\/fr\/wp-json\/wp\/v2\/media\/161811"}],"wp:attachment":[{"href":"https:\/\/www.europesays.com\/fr\/wp-json\/wp\/v2\/media?parent=161810"}],"wp:term":[{"taxonomy":"category","embeddable":true,"href":"https:\/\/www.europesays.com\/fr\/wp-json\/wp\/v2\/categories?post=161810"},{"taxonomy":"post_tag","embeddable":true,"href":"https:\/\/www.europesays.com\/fr\/wp-json\/wp\/v2\/tags?post=161810"}],"curies":[{"name":"wp","href":"https:\/\/api.w.org\/{rel}","templated":true}]}}