{"id":161816,"date":"2025-06-08T21:42:11","date_gmt":"2025-06-08T21:42:11","guid":{"rendered":"https:\/\/www.europesays.com\/fr\/161816\/"},"modified":"2025-06-08T21:42:11","modified_gmt":"2025-06-08T21:42:11","slug":"lewandowski-renonce-a-lequipe-de-pologne-tant-que-le-selectionneur-actuel-reste-en-poste","status":"publish","type":"post","link":"https:\/\/www.europesays.com\/fr\/161816\/","title":{"rendered":"Lewandowski renonce \u00e0 l\u2019\u00e9quipe de Pologne tant que le s\u00e9lectionneur actuel reste en poste"},"content":{"rendered":"<p>Le capitaine embl\u00e9matique polonais a vu le brassard lui \u00eatre retir\u00e9 par son s\u00e9lectionneur Micha Probierz.<\/p>\n<p class=\"fig-paragraph\">Priv\u00e9 de son brassard de capitaine,\u00a0<a href=\"http:\/\/www.lefigaro.fr\/sports\/football\/espagne\/liga-deja-champion-d-espagne-le-barca-termine-par-un-succes-a-bilbao-le-mur-du-100-pour-lewandowski-20250525\" target=\"_blank\" data-fig-type=\"NewsFlash\" rel=\"noopener nofollow\" data-gtm-custom-categorie=\"navigation\" data-gtm-custom-action=\"crossclick\" data-gtm-custom-label=\"Contextuel\" data-gtm-event=\"customEventSPE\" data-fig-domain=\"LEFIGARO\">Robert Lewandowski<\/a>, l\u2019avant-centre vedette de l\u2019\u00e9quipe de Pologne, a annonc\u00e9 dimanche qu\u2019il se mettait en retrait de la s\u00e9lection tant que l\u2019actuel s\u00e9lectionneur serait en poste.<\/p>\n<p class=\"fig-paragraph\">\u00c0 36 ans, l\u2019attaquant a accumul\u00e9 158 s\u00e9lections sous le maillot polonais depuis ses d\u00e9buts, en 2008, inscrivant 85 buts. Il en \u00e9tait le capitaine depuis 2014. \u00abCompte tenu des circonstances et de la perte de confiance \u00e0 l\u2019\u00e9gard du s\u00e9lectionneur de l\u2019\u00e9quipe nationale polonaise, \u00e9crit-il sur son compte X, j\u2019ai d\u00e9cid\u00e9 de renoncer \u00e0 jouer pour l\u2019\u00e9quipe nationale polonaise tant qu\u2019il en sera l\u2019entra\u00eeneur.\u00bb \u00abJ\u2019esp\u00e8re avoir encore l\u2019occasion de jouer pour les meilleurs supporters du monde\u00bb, ajoute le prolifique attaquant du FC Barcelone, \u00e9lu footballeur Fifa de l\u2019ann\u00e9e en 2021.<\/p>\n<p>Piotr Zielinski promu capitaine<\/p>\n<p class=\"fig-paragraph\">Dans la journ\u00e9e, la F\u00e9d\u00e9ration polonaise de football avait annonc\u00e9 sur son site internet que le s\u00e9lectionneur, Michal Probierz, avait d\u00e9cid\u00e9 de faire du milieu de terrain de l\u2019Inter Milan, Piotr Zielinski, le nouveau capitaine de la Pologne. \u00abLe s\u00e9lectionneur a personnellement inform\u00e9 de sa d\u00e9cision Robert Lewandowski, toute l\u2019\u00e9quipe ainsi que le staff technique\u00bb, a ajout\u00e9 la F\u00e9d\u00e9ration.<\/p>\n<p class=\"fig-paragraph\">Lewandowski ne participe pas au rassemblement actuel de la s\u00e9lection polonaise, qui a battu la Moldavie 2-0 le 6 juin en match amical et se pr\u00e9pare \u00e0 affronter la Finlande mardi \u00e0 Helsinki dans le groupe G des \u00e9liminatoires de la Coupe du monde 2026. Selon l\u2019agence de presse polonaise PAP, le joueur a demand\u00e9 \u00e0 \u00eatre exempt\u00e9 de cette fen\u00eatre de matches internationaux pour se reposer.<\/p>\n<p class=\"fig-paragraph\">Lewandoswki sort d\u2019une saison pleine avec le FC Barcelone (tripl\u00e9 Liga, Coupe du roi, Supercoupe) et a fini \u00e0 la deuxi\u00e8me place du classement des buteurs du championnat d\u2019Espagne avec 27 buts, \u00e0 quatre longueurs derri\u00e8re Kylian Mbapp\u00e9. Avec deux victoires en autant de matches, la Pologne est en t\u00eate de son groupe pour le Mondial de l\u2019ann\u00e9e prochaine, devant la Finlande (4 pts en trois matches) et les Pays-Bas (3 pts mais un match jou\u00e9 seulement).<\/p>\n","protected":false},"excerpt":{"rendered":"Le capitaine embl\u00e9matique polonais a vu le brassard lui \u00eatre retir\u00e9 par son s\u00e9lectionneur Micha Probierz. Priv\u00e9 de&hellip;\n","protected":false},"author":2,"featured_media":161817,"comment_status":"","ping_status":"","sticky":false,"template":"","format":"standard","meta":{"footnotes":""},"categories":[1412],"tags":[454,69,448,83,451,64,450,449,1451,1452,1453,1454,1455,1011,27,452,453,66,446,447,70,18014,60,455],"class_list":{"0":"post-161816","1":"post","2":"type-post","3":"status-publish","4":"format-standard","5":"has-post-thumbnail","7":"category-f1","8":"tag-ballon-dor","9":"tag-bundesliga","10":"tag-champions-league","11":"tag-coupe-de-france","12":"tag-coupe-du-monde","13":"tag-equipe-de-france","14":"tag-euro","15":"tag-europa-league","16":"tag-f1","17":"tag-formula-1","18":"tag-formula1","19":"tag-formule-1","20":"tag-formule1","21":"tag-fr","22":"tag-france","23":"tag-italie","24":"tag-liga","25":"tag-ligue-1","26":"tag-ligue-2","27":"tag-ligue-des-champions","28":"tag-premier-league","29":"tag-robert-lewandowski","30":"tag-sports","31":"tag-uefa"},"share_on_mastodon":{"url":"https:\/\/pubeurope.com\/@fr\/114649926499619929","error":""},"_links":{"self":[{"href":"https:\/\/www.europesays.com\/fr\/wp-json\/wp\/v2\/posts\/161816","targetHints":{"allow":["GET"]}}],"collection":[{"href":"https:\/\/www.europesays.com\/fr\/wp-json\/wp\/v2\/posts"}],"about":[{"href":"https:\/\/www.europesays.com\/fr\/wp-json\/wp\/v2\/types\/post"}],"author":[{"embeddable":true,"href":"https:\/\/www.europesays.com\/fr\/wp-json\/wp\/v2\/users\/2"}],"replies":[{"embeddable":true,"href":"https:\/\/www.europesays.com\/fr\/wp-json\/wp\/v2\/comments?post=161816"}],"version-history":[{"count":0,"href":"https:\/\/www.europesays.com\/fr\/wp-json\/wp\/v2\/posts\/161816\/revisions"}],"wp:featuredmedia":[{"embeddable":true,"href":"https:\/\/www.europesays.com\/fr\/wp-json\/wp\/v2\/media\/161817"}],"wp:attachment":[{"href":"https:\/\/www.europesays.com\/fr\/wp-json\/wp\/v2\/media?parent=161816"}],"wp:term":[{"taxonomy":"category","embeddable":true,"href":"https:\/\/www.europesays.com\/fr\/wp-json\/wp\/v2\/categories?post=161816"},{"taxonomy":"post_tag","embeddable":true,"href":"https:\/\/www.europesays.com\/fr\/wp-json\/wp\/v2\/tags?post=161816"}],"curies":[{"name":"wp","href":"https:\/\/api.w.org\/{rel}","templated":true}]}}