{"id":161826,"date":"2025-06-08T21:47:15","date_gmt":"2025-06-08T21:47:15","guid":{"rendered":"https:\/\/www.europesays.com\/fr\/161826\/"},"modified":"2025-06-08T21:47:15","modified_gmt":"2025-06-08T21:47:15","slug":"au-salon-pontivy-livre-art-charlotte-depaepe-a-presente-son-premier-livre-pour-enfants","status":"publish","type":"post","link":"https:\/\/www.europesays.com\/fr\/161826\/","title":{"rendered":"Au salon Pontivy Livre &#038; Art, Charlotte Depaepe a pr\u00e9sent\u00e9 son premier livre pour enfants"},"content":{"rendered":"<p>Le salon Pontivy Livre &amp; Art s\u2019est tenu, samedi 7 et dimanche 8 juin 2025, au Palais des congr\u00e8s. Une cinquantaine d\u2019auteurs et \u00e9diteurs ont fait le d\u00e9placement proposant des conf\u00e9rences au public et des \u00e9changes. L\u2019occasion pour petits et grands de faire des d\u00e9couvertes en mati\u00e8re de lecture. Parmi les autrices pr\u00e9sentes, Charlotte Depaepe, qui a auto\u00e9dit\u00e9 son premier ouvrage \u00e0 destination des enfants, a partag\u00e9 son \u00e9motion. Pour l\u2019enfant du pays, c\u2019est un bapt\u00eame que ce salon du livre \u00e0 Pontivy qu\u2019elle conna\u00eet bien. \u00ab\u00a0Je l\u2019ai re\u00e7u ce matin de l\u2019imprimerie, je le d\u00e9couvre et le d\u00e9voile le m\u00eame jour\u00a0!\u00a0\u00bb. Dans les pas de son p\u00e8re, Charlotte a toujours dessin\u00e9 et puis un jour elle a arr\u00eat\u00e9 pendant quinze ans. \u00ab\u00a0Ma fille Elie est n\u00e9e en 2021, j\u2019ai repris des cours d\u2019arts appliqu\u00e9s pour me remettre \u00e0 niveau, et j\u2019ai racont\u00e9 cette histoire que j\u2019ai illustr\u00e9e pour un concours international. Bas\u00e9e sur ma propre enfance et celle de ma fille, \u00ab\u00a0Fil Rouge\u00a0\u00bb, un livre pour enfants, raconte comment vivre la s\u00e9paration de ses parents. C\u2019est surtout \u00e0 travers mes mots et mes dessins, une volont\u00e9 de rassurer des enfants de 3-4 ans et leurs parents et dire que tout peut bien se passer\u00a0\u00bb.<\/p>\n","protected":false},"excerpt":{"rendered":"Le salon Pontivy Livre &amp; Art s\u2019est tenu, samedi 7 et dimanche 8 juin 2025, au Palais des&hellip;\n","protected":false},"author":2,"featured_media":161827,"comment_status":"","ping_status":"","sticky":false,"template":"","format":"standard","meta":{"footnotes":""},"categories":[1357],"tags":[1379,58,59,1011,27,1380,6099],"class_list":{"0":"post-161826","1":"post","2":"type-post","3":"status-publish","4":"format-standard","5":"has-post-thumbnail","7":"category-livres","8":"tag-books","9":"tag-divertissement","10":"tag-entertainment","11":"tag-fr","12":"tag-france","13":"tag-livres","14":"tag-pontivy"},"share_on_mastodon":{"url":"https:\/\/pubeurope.com\/@fr\/114649946117303889","error":""},"_links":{"self":[{"href":"https:\/\/www.europesays.com\/fr\/wp-json\/wp\/v2\/posts\/161826","targetHints":{"allow":["GET"]}}],"collection":[{"href":"https:\/\/www.europesays.com\/fr\/wp-json\/wp\/v2\/posts"}],"about":[{"href":"https:\/\/www.europesays.com\/fr\/wp-json\/wp\/v2\/types\/post"}],"author":[{"embeddable":true,"href":"https:\/\/www.europesays.com\/fr\/wp-json\/wp\/v2\/users\/2"}],"replies":[{"embeddable":true,"href":"https:\/\/www.europesays.com\/fr\/wp-json\/wp\/v2\/comments?post=161826"}],"version-history":[{"count":0,"href":"https:\/\/www.europesays.com\/fr\/wp-json\/wp\/v2\/posts\/161826\/revisions"}],"wp:featuredmedia":[{"embeddable":true,"href":"https:\/\/www.europesays.com\/fr\/wp-json\/wp\/v2\/media\/161827"}],"wp:attachment":[{"href":"https:\/\/www.europesays.com\/fr\/wp-json\/wp\/v2\/media?parent=161826"}],"wp:term":[{"taxonomy":"category","embeddable":true,"href":"https:\/\/www.europesays.com\/fr\/wp-json\/wp\/v2\/categories?post=161826"},{"taxonomy":"post_tag","embeddable":true,"href":"https:\/\/www.europesays.com\/fr\/wp-json\/wp\/v2\/tags?post=161826"}],"curies":[{"name":"wp","href":"https:\/\/api.w.org\/{rel}","templated":true}]}}