{"id":161828,"date":"2025-06-08T21:48:10","date_gmt":"2025-06-08T21:48:10","guid":{"rendered":"https:\/\/www.europesays.com\/fr\/161828\/"},"modified":"2025-06-08T21:48:10","modified_gmt":"2025-06-08T21:48:10","slug":"avant-premiere-demain-nous-appartient-du-10-juin-2025-episode-1962-tf1","status":"publish","type":"post","link":"https:\/\/www.europesays.com\/fr\/161828\/","title":{"rendered":"Avant-premi\u00e8re &#8211; Demain nous appartient du 10 juin 2025 &#8211; Episode 1962 &#8211; TF1+"},"content":{"rendered":"<ol>\n<li><a href=\"https:\/\/news.google.com\/rss\/articles\/CBMizgFBVV95cUxQNTZSQU9pZ2hOMU5mN2lNYXhKWUo5VzhCU1dkVUhDVFIxTFVjWnNHV29JZm1UYlJSTVFNZElISHI3cFVjcDJQTUh5dWZZaDlMVlhBR1hodzRJM1piazVQYVBOSWEySXNtNFg3TWtSbTV4MXBydENIQkRhMWRBb1V3UE9BUzgyZ0sxVmhyYm9iMmMtNGJCSzdPZGk5c3Yybi1JNmt2OEVrWjdPY0l6Q2d1cVdJU0huSVJ5eTBpLW5Jb1RFWnhtSENlbm90R0VWUQ?oc=5\" target=\"_blank\" rel=\"noopener\">Avant-premi\u00e8re &#8211; Demain nous appartient du 10 juin 2025 &#8211; Episode 1962<\/a>&nbsp;&nbsp;TF1+<\/li>\n<li><a href=\"https:\/\/news.google.com\/rss\/articles\/CBMifkFVX3lxTFBLZERCRlQ0d3YyVEhNNURjRVduOThUQW5TbnlfTUVGdDR5dnRzVjZpRW96T1Nia1doWXJUNGNEYTBBT21rRFZTcHdFX21yaFkwS3JJX0tfNjBMRDZuVnVHYktzNmU5YlZPZ0VxUWlPZC0yekg3b2puRE1nQTlodw?oc=5\" target=\"_blank\" rel=\"noopener\">Demain nous appartient : ce qui vous attend dans l&rsquo;\u00e9pisode 1961 du lundi 9 juin 2025 [SPOILERS]<\/a>&nbsp;&nbsp;AlloCin\u00e9<\/li>\n<li><a href=\"https:\/\/news.google.com\/rss\/articles\/CBMi-AFBVV95cUxORXVZZVZLYVRPbjBOb3VJbkFhczlqalo3UmtfVVpweE5BN2Z3a3Z3SWxMMU1WaU5MOTlsVmxyZUxCb3F6UWN2bHExd1J6V1YyT3A3LVVweXVyTmZtd3AwcXprN1l4RXlpU2twYm1MUWdVeTdEbWhoQl9oTGtsTjU5X2JOUTlYUkZKWGdXTXZUTHd4M0ZEM3JiWk1xWGYtTkZGUDNkQWNuX1ZHTGNKblJOeWhXNnotS2pJaW1yclNCQUdkTzZHSXhNVUN2WHpkWjNoZGp6ZWZSdnMtVXNfZ1BqYjdBd0tTMldtTDRPb1BvcnMyX0dVNkp0VQ?oc=5\" target=\"_blank\" rel=\"noopener\">Demain nous appartient : \u00ab\u00a0J\u2019ai d\u00e9cid\u00e9 de suivre Jimmy \u00e0 Paris\u00a0\u00bb Le r\u00e9sum\u00e9 du 09 juin (SPOILERS)<\/a>&nbsp;&nbsp;T\u00e9l\u00e9 7 Jours<\/li>\n<li><a href=\"https:\/\/news.google.com\/rss\/articles\/CBMikAJBVV95cUxNUGJoMjFRemFDa3cxWkhWX3FscVg5bGZWOEJwUlotZnhUSVd4NWFkUXhaUzJ1NTFqWnNUdHN5ZXMtM3ltWlI4T21GTmtXOUVfVnBZN1Bmc1FQY2xyQVpUU3BsR0FKQ1M5NEhDdTkxNGpISXF3eFJKRDVucXg1MWlwZElSR1NPODIwT2dMajJkNlZLRUlIZnJmNVZTWno2S3dYak12R1JSZzM3YU51dEp2SWl5aHR1eDk4SGU1ZkNJMzY5SDNCSU9HOHUyZ3ZpUE5YUjAwcEI0ZjB1QWl6VFhxTUliLTJ3OURyN2MtYjdNRnZ4R21LWFg0TFJGODAyY3JzQWpyb0RIY09wbDEzQVc0Xw?oc=5\" target=\"_blank\" rel=\"noopener\">Alex entre en salle d\u2019op\u00e9ration, Chlo\u00e9 est t\u00e9tanis\u00e9e \u00e0 l\u2019id\u00e9e de le perdre &#8211; Demain nous appartient 12 juin 2025 (\u00e9pisode 1964 &#8211; r\u00e9sum\u00e9 complet DNA)<\/a>&nbsp;&nbsp;Nouveaut\u00e9s-T\u00e9l\u00e9.com<\/li>\n<li><a href=\"https:\/\/news.google.com\/rss\/articles\/CBMiwgJBVV95cUxQLVRLTzQ1MlNZTVdLYVpoR292dDI0djBPODRkZjE2M1JRUzhQOGQwWE11OGZnc0UzakFPNjh2dFNrZ1Z4RlAtTWpJOTNoa2tsc3dvcmhEZ3ZvYmRial9PYTA1bERPdWNfLXdMd2pMM0RrbE1UZDI0MDUtbDJFUlBpaS1LNWRCaE94MjdITmlidjFVOEF0WlBmdjZxOWI1Z3hZY3dibTlQZUxyY0lpWThVeVJtSGlKTTJWcnVrMHh0dEFZWDl2RVI2b2hlaXFhTmdGQ0cyR1E5WU5NYmR6QVJNQVJqcHVJSjNyZjc1NjI5azJtVlBBaElXSi15UjBUOVJjazJhSlowbHZrc256NkFmVXh1Q3RyQlYweHlzT2dIbzBETGxmSVNYcGtvbWtTakdIZ3d5c21XT0F5Z053SXlsdDJB?oc=5\" target=\"_blank\" rel=\"noopener\">Demain nous appartient en avance : Rapha\u00eblle victime d&rsquo;amn\u00e9sie, Martial est-il le harceleur ? Rayane va suivre Jimmy \u00e0 Paris&#8230; Le r\u00e9sum\u00e9 de l&rsquo;\u00e9pisode 1961 du lundi 9 juin 2025<\/a>&nbsp;&nbsp;programme-tv.net<\/li>\n<\/ol>\n","protected":false},"excerpt":{"rendered":"Avant-premi\u00e8re &#8211; Demain nous appartient du 10 juin 2025 &#8211; Episode 1962&nbsp;&nbsp;TF1+ Demain nous appartient : ce qui&hellip;\n","protected":false},"author":2,"featured_media":161829,"comment_status":"","ping_status":"","sticky":false,"template":"","format":"standard","meta":{"footnotes":""},"categories":[1356],"tags":[3598,4090,58,59,1365,4089,1011,27,4092,252,1364,4091,4093],"class_list":{"0":"post-161828","1":"post","2":"type-post","3":"status-publish","4":"format-standard","5":"has-post-thumbnail","7":"category-television","8":"tag-demain-nous-appartient","9":"tag-demain-nous-appartient-episode","10":"tag-divertissement","11":"tag-entertainment","12":"tag-episode","13":"tag-episode-demain-nous-appartient","14":"tag-fr","15":"tag-france","16":"tag-streaming-demain-nous-appartient","17":"tag-television","18":"tag-tv","19":"tag-video-demain-nous-appartient","20":"tag-video-en-streaming-demain-nous-appartient"},"share_on_mastodon":{"url":"https:\/\/pubeurope.com\/@fr\/114649950055047513","error":""},"_links":{"self":[{"href":"https:\/\/www.europesays.com\/fr\/wp-json\/wp\/v2\/posts\/161828","targetHints":{"allow":["GET"]}}],"collection":[{"href":"https:\/\/www.europesays.com\/fr\/wp-json\/wp\/v2\/posts"}],"about":[{"href":"https:\/\/www.europesays.com\/fr\/wp-json\/wp\/v2\/types\/post"}],"author":[{"embeddable":true,"href":"https:\/\/www.europesays.com\/fr\/wp-json\/wp\/v2\/users\/2"}],"replies":[{"embeddable":true,"href":"https:\/\/www.europesays.com\/fr\/wp-json\/wp\/v2\/comments?post=161828"}],"version-history":[{"count":0,"href":"https:\/\/www.europesays.com\/fr\/wp-json\/wp\/v2\/posts\/161828\/revisions"}],"wp:featuredmedia":[{"embeddable":true,"href":"https:\/\/www.europesays.com\/fr\/wp-json\/wp\/v2\/media\/161829"}],"wp:attachment":[{"href":"https:\/\/www.europesays.com\/fr\/wp-json\/wp\/v2\/media?parent=161828"}],"wp:term":[{"taxonomy":"category","embeddable":true,"href":"https:\/\/www.europesays.com\/fr\/wp-json\/wp\/v2\/categories?post=161828"},{"taxonomy":"post_tag","embeddable":true,"href":"https:\/\/www.europesays.com\/fr\/wp-json\/wp\/v2\/tags?post=161828"}],"curies":[{"name":"wp","href":"https:\/\/api.w.org\/{rel}","templated":true}]}}