{"id":161830,"date":"2025-06-08T21:49:09","date_gmt":"2025-06-08T21:49:09","guid":{"rendered":"https:\/\/www.europesays.com\/fr\/161830\/"},"modified":"2025-06-08T21:49:09","modified_gmt":"2025-06-08T21:49:09","slug":"le-metal-est-rentre-depuis-un-moment-dans-les-chaumieres","status":"publish","type":"post","link":"https:\/\/www.europesays.com\/fr\/161830\/","title":{"rendered":"\u00ab\u00a0Le metal est rentr\u00e9 depuis un moment dans les chaumi\u00e8res\u00a0\u00bb"},"content":{"rendered":"<p>Encore <a href=\"https:\/\/www.20minutes.fr\/arts-stars\/culture\/musique\/4157079-20250605-metal-permet-melange-genres-festival\" class=\"color-ultramarine c-link\" rel=\"nofollow noopener\" target=\"_blank\">un nouveau festival, un nouveau public<\/a>, de nouveaux groupes (et quelques-uns d\u00e9j\u00e0 bien connus). Les membres de Mass Hysteria participent \u00e0 <a href=\"https:\/\/www.heavyweekend.live\/\" target=\"_blank\" class=\"color-ultramarine c-link\" rel=\"nofollow noopener\">la deuxi\u00e8me \u00e9dition de l\u2019Heavy Week-end de Nancy <\/a>avec la s\u00e9r\u00e9nit\u00e9 que leur conf\u00e8rent leurs 30 trente ans d\u2019exp\u00e9rience.<\/p>\n<p>En\u00a02025, Mass Hysteria a f\u00eat\u00e9 cet anniversaire sans nostalgie. Yann Heurtaux et Fred Duquesne, guitaristes, font le bilan, sans s\u2019appesantir.<\/p>\n<p>30 ans apr\u00e8s vos d\u00e9buts, Mass Hysteria est toujours l\u00e0. Comment expliquez-vous votre long\u00e9vit\u00e9\u00a0?<\/p>\n<p>Yann Heurtaux\u00a0: Le pire, c\u2019est qu\u2019en ce moment, \u00e7a va de mieux en mieux, on a de plus en plus de monde aux concerts. On n\u2019a pas eu que des moments faciles. On a fait un album qui n\u2019a pas plu \u00e0 notre public \u00e0 un moment. Il a fallu se relever de \u00e7a.<\/p>\n<p>Fr\u00e9d\u00e9ric Duquesne\u00a0: A ce moment-l\u00e0, on passait beaucoup \u00e0 la radio, notre public a chang\u00e9 et on ne le reconnaissait plus. On \u00e9tait assez d\u00e9stabilis\u00e9. Il a fallu reconqu\u00e9rir les gens qui nous \u00e9coutaient depuis nos d\u00e9buts.<\/p>\n<p>Beaucoup de groupes de metal durent plusieurs d\u00e9cennies. Comment expliquez-vous \u00e7a\u00a0?<\/p>\n<p>Y.H.\u00a0: C\u2019est gr\u00e2ce aux fans, qui sont tr\u00e8s fid\u00e8les. Et beaucoup de groupes connaissent des hauts et des bas. Regarde Iron Maiden ou Korn, au fil des ann\u00e9es, tu as pu le voir dans des stades, des Z\u00e9niths, mais aussi, \u00e0 un moment de leur carri\u00e8re, au Bataclan ou \u00e0 l\u2019Elys\u00e9e-Montmartre. ce qui est beau, c\u2019est qu\u2019ils sont toujours revenus.<\/p>\n<p>Est-ce qu\u2019il faut garder un cap ou savoir changer de style pour durer\u00a0?<\/p>\n<p>Y.H.\u00a0: Les deux\u00a0! Nous, on a toujours \u00e9t\u00e9 fid\u00e8les \u00e0 ce qu\u2019on faisait \u00e0 nos d\u00e9buts, un m\u00e9lange entre machine et metal. On a aussi toujours gard\u00e9 les textes en fran\u00e7ais et des paroles positives. Mais on a aussi fait \u00e9voluer notre musique\u2026<\/p>\n<p>F.D.\u00a0: Quand tu traverses les ann\u00e9es, tu es travers\u00e9 de plein de choses. A nos d\u00e9buts, il y avait Korn et Prodigy, on a voulu m\u00e9langer tout \u00e7a. Plus tard, on s\u2019est laiss\u00e9 influencer par des groupes comme Muse, qui a cartonn\u00e9.<\/p>\n<p>Y.H.\u00a0: On a commenc\u00e9 \u00e0 une \u00e9poque o\u00f9 les musiques se m\u00e9langeaient. On est n\u00e9s dans ce moment-l\u00e0 des samples. C\u2019est naturel pour nous. Quand tu es n\u00e9 avec Rage Against the Machine, tu es marqu\u00e9 par cette culture du m\u00e9lange des genres.<\/p>\n<p>Avez-vous l\u2019impression que le metal attire un nouveau public aujourd\u2019hui\u00a0?<\/p>\n<p>F.D.\u00a0: Ce n\u2019est plus <a href=\"https:\/\/www.20minutes.fr\/dossier\/heavy_metal\" class=\"color-ultramarine c-link\" rel=\"nofollow noopener\" target=\"_blank\">une musique qui fait peur.<\/a> Le metal est rentr\u00e9 depuis un moment dans les chaumi\u00e8res. On a longtemps souffert de ce clich\u00e9 qui n\u2019a jamais \u00e9t\u00e9 aussi faux qu\u2019aujourd\u2019hui.<\/p>\n<p>Y.H.\u00a0: Nous sommes la preuve qu\u2019un public mainsfream peut appr\u00e9cier le metal. On a jou\u00e9 dans des festivals de chanson o\u00f9 on \u00e9tait les trublions de la soir\u00e9e. Et \u00e0 chaque fois \u00e7a s\u2019est super bien pass\u00e9. On a jou\u00e9 apr\u00e8s Benjamin Biolay, et on ne s\u2019est pas pris de tomates. A la F\u00eate de l&rsquo;Huma, on a jou\u00e9 avec La Femme, Jeanne Added\u2026 Il y avait beaucoup de jeunes &#8211; je me suis senti vieux\u2026 &#8211; et c\u2019\u00e9tait la folie.<\/p>\n<p>F.D.\u00a0: Les gamins d\u2019aujourd\u2019hui \u00e9coutent de tout, aussi bien Spirit Box que Billie Eilish.<\/p>\n<p>Votre public a \u00e9volu\u00e9\u00a0lui aussi\u00a0?<\/p>\n<p>Y.H.\u00a0: En ce moment \u00e7a se rajeunit. On hallucine\u00a0! Les gens viennent avec leurs m\u00f4mes, et il y a des ados de 18 ans tout devant. Les anciens sont plus dans le fond. C\u2019est physique quand m\u00eame nos concerts\u2026<\/p>\n<p>Vous ne voulez pas jouer plus doucement pour que votre vieux public vienne devant aux concerts\u00a0?<\/p>\n<p>Y.H.\u00a0: Jamais de la vie\u00a0! (rires) On a gard\u00e9 nos\u00a025 ans, on envoie du riff. Quand on choisit les morceaux pour un concert, la seule ligne directrice c\u2019est qu\u2019il faut que \u00e7a fasse bouger, que \u00e7a fasse sauter\u00a0!<\/p>\n<p>F.D.\u00a0: On verra ce qu\u2019on fait dans dix ans si on ne peut plus bouger. On voit tellement de concerts avec des voix enregistr\u00e9es, des shows monstrueux\u2026 Nous, on est toujours rest\u00e9s sur des concerts assez bruts, avec le vrai son des guitares. On joue en vrai et s\u2019il y a des pains, ce n\u2019est pas grave. Et on sent qu\u2019il y a un retour \u00e0 des choses organiques comme \u00e7a. En vrai, j\u2019ai l\u2019impression qu\u2019on a raison de faire ce qu\u2019on fait.<\/p>\n<p>\u00cates-vous nostalgiques d\u2019une \u00e9poque de votre carri\u00e8re\u00a0?<\/p>\n<p>F.D.\u00a0: Les premi\u00e8res r\u00e9ussites, les premiers gros festivals, c\u2019\u00e9tait cool\u2026 Aujourd\u2019hui on est darons, on est plus pos\u00e9s, moins na\u00effs. Tout est plus calme, moins rock autour de nous. On est moins entour\u00e9s d\u2019autres groupes comme nous. Tous les groupes qu\u2019on conna\u00eet aujourd\u2019hui, c\u2019est tous des geeks avec leurs ordis (rires).<\/p>\n<p>Y.H.\u00a0: Moi je ne suis pas du tout nostalgique, je pense toujours que \u00e7a va \u00eatre mieux apr\u00e8s, tout le temps.<\/p>\n","protected":false},"excerpt":{"rendered":"Encore un nouveau festival, un nouveau public, de nouveaux groupes (et quelques-uns d\u00e9j\u00e0 bien connus). Les membres de&hellip;\n","protected":false},"author":2,"featured_media":161831,"comment_status":"","ping_status":"","sticky":false,"template":"","format":"standard","meta":{"footnotes":""},"categories":[1355],"tags":[1697,251,58,59,849,1011,27,28629,1361,873],"class_list":{"0":"post-161830","1":"post","2":"type-post","3":"status-publish","4":"format-standard","5":"has-post-thumbnail","7":"category-musique","8":"tag-concert","9":"tag-culture","10":"tag-divertissement","11":"tag-entertainment","12":"tag-festival","13":"tag-fr","14":"tag-france","15":"tag-metal","16":"tag-music","17":"tag-musique"},"share_on_mastodon":{"url":"https:\/\/pubeurope.com\/@fr\/114649954020598313","error":""},"_links":{"self":[{"href":"https:\/\/www.europesays.com\/fr\/wp-json\/wp\/v2\/posts\/161830","targetHints":{"allow":["GET"]}}],"collection":[{"href":"https:\/\/www.europesays.com\/fr\/wp-json\/wp\/v2\/posts"}],"about":[{"href":"https:\/\/www.europesays.com\/fr\/wp-json\/wp\/v2\/types\/post"}],"author":[{"embeddable":true,"href":"https:\/\/www.europesays.com\/fr\/wp-json\/wp\/v2\/users\/2"}],"replies":[{"embeddable":true,"href":"https:\/\/www.europesays.com\/fr\/wp-json\/wp\/v2\/comments?post=161830"}],"version-history":[{"count":0,"href":"https:\/\/www.europesays.com\/fr\/wp-json\/wp\/v2\/posts\/161830\/revisions"}],"wp:featuredmedia":[{"embeddable":true,"href":"https:\/\/www.europesays.com\/fr\/wp-json\/wp\/v2\/media\/161831"}],"wp:attachment":[{"href":"https:\/\/www.europesays.com\/fr\/wp-json\/wp\/v2\/media?parent=161830"}],"wp:term":[{"taxonomy":"category","embeddable":true,"href":"https:\/\/www.europesays.com\/fr\/wp-json\/wp\/v2\/categories?post=161830"},{"taxonomy":"post_tag","embeddable":true,"href":"https:\/\/www.europesays.com\/fr\/wp-json\/wp\/v2\/tags?post=161830"}],"curies":[{"name":"wp","href":"https:\/\/api.w.org\/{rel}","templated":true}]}}